{"id":5342,"date":"2019-01-29T08:32:57","date_gmt":"2019-01-29T07:32:57","guid":{"rendered":"http:\/\/mediocudeyo.es\/web\/?p=5342"},"modified":"2019-01-29T08:32:57","modified_gmt":"2019-01-29T07:32:57","slug":"5342-2","status":"publish","type":"post","link":"https:\/\/mediocudeyo.es\/web\/5342-2\/","title":{"rendered":"FILMOTECA: 100 D\u00cdAS DE SOLEDAD"},"content":{"rendered":"<p><img fetchpriority=\"high\" decoding=\"async\" class=\"alignnone size-large wp-image-5343\" src=\"http:\/\/mediocudeyo.es\/web\/wp-content\/uploads\/2019\/01\/100_dias_de_soledad-120066210-large-695x1024.jpg\" alt=\"\" width=\"474\" height=\"698\" \/><\/p>\n<p>Lunes 4 de febrero, 20:30 h.<\/p>\n<p>Centro Cultural Ram\u00f3n Pelayo (Solares)<\/p>\n<p>Precio \u00fanico: 2.50\u20ac<!--more--><\/p>\n<p>T\u00edtulo original:100 d\u00edas de soledad<\/p>\n<p>A\u00f1o: 2016<\/p>\n<p>Duraci\u00f3n: 93 min.<\/p>\n<p>Pa\u00eds: <span id=\"country-img\"><img decoding=\"async\" class=\"\" title=\"Espa\u00f1a\" src=\"https:\/\/www.filmaffinity.com\/imgs\/countries\/ES.jpg\" alt=\"Espa\u00f1a\" \/><\/span>\u00a0Espa\u00f1a<\/p>\n<p>Direcci\u00f3n:<span class=\"director\"> Gerardo Olivares, <\/span> <span class=\"director\"> Jos\u00e9 D\u00edaz<\/span><\/p>\n<p><label class=\"mcu-text-details-text-b\">Calificaci\u00f3n:<\/label> <label class=\"custom-simple-label\">APTA PARA TODOS LOS P\u00daBLICOS <\/label><\/p>\n<p>Guion: <span class=\"nb\">Gerardo Olivares,<\/span> <span class=\"nb\">Jos\u00e9 D\u00edaz<\/span><\/p>\n<p>Reparto:<span class=\"cast\"> Documentary, <\/span> <span class=\"cast\"> Jos\u00e9 D\u00edaz<\/span><\/p>\n<p>Productora: <span class=\"nb\">Wanda Films \/ Televisi\u00f3n Espa\u00f1ola (TVE)<\/span><\/p>\n<p>G\u00e9nero: Documental | Naturaleza<\/p>\n<p>Sinopsis: Jos\u00e9 D\u00edaz se recluye en su caba\u00f1a en el Parque Natural de Redes (Asturias) durante un largo periodo de cien d\u00edas, siendo autosuficiente y desconect\u00e1ndose absolutamente del mundo real y sus avances. No tiene electricidad, ni m\u00f3vil, ni televisi\u00f3n, ni ordenador, ni reloj&#8230; S\u00f3lo el hombre con la naturaleza.<\/p>\n<p>&nbsp;<\/p>\n","protected":false},"excerpt":{"rendered":"<p>Lunes 4 de febrero, 20:30 h. Centro Cultural Ram\u00f3n Pelayo (Solares) Precio \u00fanico: 2.50\u20ac<\/p>\n","protected":false},"author":4,"featured_media":0,"comment_status":"closed","ping_status":"closed","sticky":false,"template":"","format":"standard","meta":{"footnotes":""},"categories":[59],"tags":[58,116,117],"class_list":["post-5342","post","type-post","status-publish","format-standard","hentry","category-cultura","tag-centro-cultural-ramon-pelayo","tag-cine","tag-filmoteca"],"_links":{"self":[{"href":"https:\/\/mediocudeyo.es\/web\/wp-json\/wp\/v2\/posts\/5342"}],"collection":[{"href":"https:\/\/mediocudeyo.es\/web\/wp-json\/wp\/v2\/posts"}],"about":[{"href":"https:\/\/mediocudeyo.es\/web\/wp-json\/wp\/v2\/types\/post"}],"author":[{"embeddable":true,"href":"https:\/\/mediocudeyo.es\/web\/wp-json\/wp\/v2\/users\/4"}],"replies":[{"embeddable":true,"href":"https:\/\/mediocudeyo.es\/web\/wp-json\/wp\/v2\/comments?post=5342"}],"version-history":[{"count":0,"href":"https:\/\/mediocudeyo.es\/web\/wp-json\/wp\/v2\/posts\/5342\/revisions"}],"wp:attachment":[{"href":"https:\/\/mediocudeyo.es\/web\/wp-json\/wp\/v2\/media?parent=5342"}],"wp:term":[{"taxonomy":"category","embeddable":true,"href":"https:\/\/mediocudeyo.es\/web\/wp-json\/wp\/v2\/categories?post=5342"},{"taxonomy":"post_tag","embeddable":true,"href":"https:\/\/mediocudeyo.es\/web\/wp-json\/wp\/v2\/tags?post=5342"}],"curies":[{"name":"wp","href":"https:\/\/api.w.org\/{rel}","templated":true}]}}