{"id":5406,"date":"2019-02-05T12:33:45","date_gmt":"2019-02-05T11:33:45","guid":{"rendered":"http:\/\/mediocudeyo.es\/web\/?p=5406"},"modified":"2019-02-05T12:33:45","modified_gmt":"2019-02-05T11:33:45","slug":"proyecto-from-outdoors-to-the-labour-market","status":"publish","type":"post","link":"https:\/\/mediocudeyo.es\/web\/proyecto-from-outdoors-to-the-labour-market\/","title":{"rendered":"PROYECTO FROM OUTDOORS TO THE LABOUR MARKET"},"content":{"rendered":"<p><strong><u>FROM OUTDOORS TO THE LABOUR MARKET<\/u><\/strong><\/p>\n<p><strong><u>(Desde fuera hacia el mercado laboral)<\/u><\/strong><\/p>\n<p>Os informamos sobre el Proyecto \u201cFROM OUTDOORS TO THE LABOUR MARKET\u201d, (\u201cdesde fuera hacia el mercado laboral\u201d), \u00a0promovido por Noruega con financiaci\u00f3n de la UE.\u00a0 El proyecto se lleva\u00a0 a cabo en Polonia, Irlanda y Espa\u00f1a (Cantabria).<\/p>\n<p>El Gobierno de Cantabria colabora a trav\u00e9s de la DG de Juventud, la DG de Asuntos Europeos y el Servicio C\u00e1ntabro de Empleo, que ya ha organizado la preselecci\u00f3n de los 3 trainers o preparador@s\u00a0 (animador@s socio-culturales o de tiempo libre)\u00a0 que se encargar\u00e1n de trabajar in situ con los grupos de j\u00f3venes.<\/p>\n<p><!--more--><\/p>\n<p>La intenci\u00f3n es trabajar con j\u00f3venes que est\u00e1n fuera del mercado de trabajo y del sistema educativo, es decir\u00a0 j\u00f3venes desmotivados \u00a0(ninis), e intentar atraerles, \u00a0en tres fases:<\/p>\n<p>1\u00aa:\u00a0 10 d\u00edas de estancia con base en el albergue juvenil de Tama , para desde all\u00ed realizar actividades de aventura, tiempo libre, como escalada, rafting, quiz\u00e1 surf en la costa, etc,<\/p>\n<p>2\u00aa: En mayo se continuar\u00e1 con ellos en actividades de b\u00fasqueda de empleo y habilidades socio-laborales, en 3 pueblos de la Comunidad Aut\u00f3noma, a\u00fan por decidir.<\/p>\n<p>3\u00aa: Para la \u00faltima fase, en el mes de junio, se organizar\u00e1n actos con empresas buscando la inserci\u00f3n de los j\u00f3venes.<\/p>\n<p>&nbsp;<\/p>\n<p>En cuanto al perfil requerido, es:<\/p>\n<p>&nbsp;<\/p>\n<ul>\n<li>J\u00f3venes mayores de 20 y\u00a0 menores de 30 a\u00f1os.<\/li>\n<li>Cualquier tipo de formaci\u00f3n, desde b\u00e1sica a universitaria..<\/li>\n<li>Desempleados y sin estudiar desde 6 o m\u00e1s meses.<\/li>\n<li>Desmotivados ante el mercado laboral y educativo.<\/li>\n<li>Motivados para realizar actividades de ocio y tiempo libre durante los diez d\u00edas de duraci\u00f3n de la estancia.\u00a0 (se entiende que estar\u00e1n sin m\u00f3viles, ni redes.., y bajo la tutela de los 3 preparadores..).<\/li>\n<\/ul>\n<p>&nbsp;<\/p>\n<p>Las fechas de los 3 grupos de 10 j\u00f3venes con 3 preparadores, con base en el albergue de Tama son:<\/p>\n<p>&nbsp;<\/p>\n<ul>\n<li>1\u00ba grupo: 25 de marzo a 3 de abril.<\/li>\n<li>2\u00aa grupo: 4 de abril a 13 de abril.<\/li>\n<li>3\u00ba grupo: 23 de abril a 2 de mayo (despu\u00e9s de semana santa)<\/li>\n<\/ul>\n<p>&nbsp;<\/p>\n<p><strong><u>Para la captaci\u00f3n de j\u00f3venes os solicitamos \u00a0vuestra colaboraci\u00f3n, al conocer de forma m\u00e1s cercana la realidad de vuestra poblaci\u00f3n juvenil . <\/u><\/strong><\/p>\n<p>&nbsp;<\/p>\n<p>Los j\u00f3venes que est\u00e9 interesados en participar tienen <strong><u>que enviar su CV al e-mail<\/u><\/strong> del Servicio de Intermediaci\u00f3n y Orientaci\u00f3n Profesional\u00a0 del Servicio C\u00e1ntabro de Empleo, <strong>hasta el 28 de febrero<\/strong>:<\/p>\n<p><strong><u>siop@cantabria.es<\/u><\/strong><\/p>\n<p>&nbsp;<\/p>\n<p>Para cualquier aclaraci\u00f3n sobre el asunto, pod\u00e9is dirigiros al Servicio de Intermediaci\u00f3n del Servicio C\u00e1ntabro de empleo:<\/p>\n<p>Fernando Villadangos (Villadangos_f@cantabria.es ; tfno.: 942 20 69 97) \u00a0o<\/p>\n<p>Itziar Guti\u00e9rrez (gutierrez_i@cantabria.es; tfno: 942 20 50 58)<\/p>\n","protected":false},"excerpt":{"rendered":"<p>FROM OUTDOORS TO THE LABOUR MARKET (Desde fuera hacia el mercado laboral) Os informamos sobre el Proyecto \u201cFROM OUTDOORS TO THE LABOUR MARKET\u201d, (\u201cdesde fuera hacia el mercado laboral\u201d), \u00a0promovido [&hellip;]<\/p>\n","protected":false},"author":4,"featured_media":0,"comment_status":"closed","ping_status":"closed","sticky":false,"template":"","format":"standard","meta":{"footnotes":""},"categories":[59],"tags":[],"class_list":["post-5406","post","type-post","status-publish","format-standard","hentry","category-cultura"],"_links":{"self":[{"href":"https:\/\/mediocudeyo.es\/web\/wp-json\/wp\/v2\/posts\/5406"}],"collection":[{"href":"https:\/\/mediocudeyo.es\/web\/wp-json\/wp\/v2\/posts"}],"about":[{"href":"https:\/\/mediocudeyo.es\/web\/wp-json\/wp\/v2\/types\/post"}],"author":[{"embeddable":true,"href":"https:\/\/mediocudeyo.es\/web\/wp-json\/wp\/v2\/users\/4"}],"replies":[{"embeddable":true,"href":"https:\/\/mediocudeyo.es\/web\/wp-json\/wp\/v2\/comments?post=5406"}],"version-history":[{"count":0,"href":"https:\/\/mediocudeyo.es\/web\/wp-json\/wp\/v2\/posts\/5406\/revisions"}],"wp:attachment":[{"href":"https:\/\/mediocudeyo.es\/web\/wp-json\/wp\/v2\/media?parent=5406"}],"wp:term":[{"taxonomy":"category","embeddable":true,"href":"https:\/\/mediocudeyo.es\/web\/wp-json\/wp\/v2\/categories?post=5406"},{"taxonomy":"post_tag","embeddable":true,"href":"https:\/\/mediocudeyo.es\/web\/wp-json\/wp\/v2\/tags?post=5406"}],"curies":[{"name":"wp","href":"https:\/\/api.w.org\/{rel}","templated":true}]}}