{"id":5409,"date":"2019-02-05T13:48:15","date_gmt":"2019-02-05T12:48:15","guid":{"rendered":"http:\/\/mediocudeyo.es\/web\/?p=5409"},"modified":"2019-02-05T13:48:15","modified_gmt":"2019-02-05T12:48:15","slug":"martes-y-miercoles-de-informatica","status":"publish","type":"post","link":"https:\/\/mediocudeyo.es\/web\/martes-y-miercoles-de-informatica\/","title":{"rendered":"MARTES Y MI\u00c9RCOLES DE INFORM\u00c1TICA"},"content":{"rendered":"<p><img fetchpriority=\"high\" decoding=\"async\" class=\"alignnone size-large wp-image-5419\" src=\"http:\/\/mediocudeyo.es\/web\/wp-content\/uploads\/2019\/02\/6-logos-martes-y-miercoles-informatica-724x1024.jpg\" alt=\"\" width=\"474\" height=\"670\" \/><\/p>\n<p>Inform\u00e1tica para j\u00f3venes entre 10 y 16 a\u00f1os.<\/p>\n","protected":false},"excerpt":{"rendered":"<p>Inform\u00e1tica para j\u00f3venes entre 10 y 16 a\u00f1os.<\/p>\n","protected":false},"author":4,"featured_media":0,"comment_status":"closed","ping_status":"closed","sticky":false,"template":"","format":"standard","meta":{"footnotes":""},"categories":[59],"tags":[113,58,118,171,60],"class_list":["post-5409","post","type-post","status-publish","format-standard","hentry","category-cultura","tag-juventud","tag-centro-cultural-ramon-pelayo","tag-cursos-y-talleres","tag-informatica","tag-medio-cudeyo"],"_links":{"self":[{"href":"https:\/\/mediocudeyo.es\/web\/wp-json\/wp\/v2\/posts\/5409"}],"collection":[{"href":"https:\/\/mediocudeyo.es\/web\/wp-json\/wp\/v2\/posts"}],"about":[{"href":"https:\/\/mediocudeyo.es\/web\/wp-json\/wp\/v2\/types\/post"}],"author":[{"embeddable":true,"href":"https:\/\/mediocudeyo.es\/web\/wp-json\/wp\/v2\/users\/4"}],"replies":[{"embeddable":true,"href":"https:\/\/mediocudeyo.es\/web\/wp-json\/wp\/v2\/comments?post=5409"}],"version-history":[{"count":0,"href":"https:\/\/mediocudeyo.es\/web\/wp-json\/wp\/v2\/posts\/5409\/revisions"}],"wp:attachment":[{"href":"https:\/\/mediocudeyo.es\/web\/wp-json\/wp\/v2\/media?parent=5409"}],"wp:term":[{"taxonomy":"category","embeddable":true,"href":"https:\/\/mediocudeyo.es\/web\/wp-json\/wp\/v2\/categories?post=5409"},{"taxonomy":"post_tag","embeddable":true,"href":"https:\/\/mediocudeyo.es\/web\/wp-json\/wp\/v2\/tags?post=5409"}],"curies":[{"name":"wp","href":"https:\/\/api.w.org\/{rel}","templated":true}]}}