{"id":5453,"date":"2019-02-12T09:37:10","date_gmt":"2019-02-12T08:37:10","guid":{"rendered":"http:\/\/mediocudeyo.es\/web\/?p=5453"},"modified":"2019-02-12T09:37:10","modified_gmt":"2019-02-12T08:37:10","slug":"filmoteca-most-beautiful-island","status":"publish","type":"post","link":"https:\/\/mediocudeyo.es\/web\/filmoteca-most-beautiful-island\/","title":{"rendered":"FILMOTECA: MOST BEAUTIFUL ISLAND"},"content":{"rendered":"<p><img fetchpriority=\"high\" decoding=\"async\" class=\"alignnone size-large wp-image-5454\" src=\"http:\/\/mediocudeyo.es\/web\/wp-content\/uploads\/2019\/02\/most_beautiful_island-246890981-large-691x1024.jpg\" alt=\"\" width=\"474\" height=\"702\" \/><\/p>\n<p>Lunes 18 de febrero, 20:30 h.<\/p>\n<p>Centro Cultural Ram\u00f3n Pelayo (Solares)<\/p>\n<p>Precio \u00fanico: 2.50\u20ac<\/p>\n<p>Versi\u00f3n original subtitulada.<!--more--><\/p>\n<p>T\u00edtulo original: Most Beautiful Island.<\/p>\n<p>A\u00f1o: 2017<\/p>\n<p>Duraci\u00f3n: 80 min.<\/p>\n<p>Pa\u00eds: <span id=\"country-img\"><img decoding=\"async\" title=\"Estados Unidos\" src=\"https:\/\/www.filmaffinity.com\/imgs\/countries\/US.jpg\" alt=\"Estados Unidos\" \/><\/span>\u00a0Estados Unidos<\/p>\n<div class=\"product-details-content margin-bottom-2\"><label class=\"mcu-text-details-text-b\">Calificaci\u00f3n:<\/label> <label class=\"custom-simple-label\">NO RECOMENDADA PARA MENORES DE DIECIS\u00c9IS A\u00d1OS\u00a0 <\/label><\/div>\n<div><\/div>\n<p>Direcci\u00f3n:\u00a0<span class=\"director\"> Ana Asensio<\/span><\/p>\n<p>Guion: <span class=\"nb\">Ana Asensio<\/span><\/p>\n<p>M\u00fasica: <span class=\"nb\">Jeffery Alan Jones<\/span><\/p>\n<p>Fotograf\u00eda: <span class=\"nb\">Noah Greenberg<\/span><\/p>\n<p>Reparto:\u00a0<span class=\"cast\"> Ana Asensio, <\/span> <span class=\"cast\"> Natasha Romanova, <\/span> <span class=\"cast\"> David Little, <\/span> <span class=\"cast\"> Nicholas Tucci, <\/span> <span class=\"cast\"> Larry Fessenden, <\/span> <span class=\"cast\"> Caprice Benedetti, <\/span> <span class=\"cast\"> Anna Myrha, <\/span> <span class=\"cast\"> Ami Sheth, <\/span> <span class=\"cast\"> Miriam A. Hyman, <\/span> <span class=\"cast\"> Sara Visser, <\/span> <span class=\"cast\"> Natalia Zvereva, <\/span> <span class=\"cast\"> Brett Azar, <\/span> <span class=\"cast\"> John Speredakos<\/span><\/p>\n<p>Productora: <span class=\"nb\">Glass Eye Pix<\/span><\/p>\n<p>G\u00e9nero: Thriller. Drama | Cine independiente USA. Inmigraci\u00f3n. Basado en hechos reales<\/p>\n<p>Sinopsis: Luciana (Ana Asensio) es una espa\u00f1ola sin papeles en Nueva York, cuya precaria situaci\u00f3n econ\u00f3mica la lleva a aceptar un trabajo bien remunerado y aparentemente sencillo. Sin embargo, pronto descubrir\u00e1 el lado m\u00e1s cruel de la ciudad de sus sue\u00f1os.<\/p>\n<p>&nbsp;<\/p>\n","protected":false},"excerpt":{"rendered":"<p>Lunes 18 de febrero, 20:30 h. Centro Cultural Ram\u00f3n Pelayo (Solares) Precio \u00fanico: 2.50\u20ac Versi\u00f3n original subtitulada.<\/p>\n","protected":false},"author":4,"featured_media":0,"comment_status":"closed","ping_status":"closed","sticky":false,"template":"","format":"standard","meta":{"footnotes":""},"categories":[59],"tags":[58,116,117],"class_list":["post-5453","post","type-post","status-publish","format-standard","hentry","category-cultura","tag-centro-cultural-ramon-pelayo","tag-cine","tag-filmoteca"],"_links":{"self":[{"href":"https:\/\/mediocudeyo.es\/web\/wp-json\/wp\/v2\/posts\/5453"}],"collection":[{"href":"https:\/\/mediocudeyo.es\/web\/wp-json\/wp\/v2\/posts"}],"about":[{"href":"https:\/\/mediocudeyo.es\/web\/wp-json\/wp\/v2\/types\/post"}],"author":[{"embeddable":true,"href":"https:\/\/mediocudeyo.es\/web\/wp-json\/wp\/v2\/users\/4"}],"replies":[{"embeddable":true,"href":"https:\/\/mediocudeyo.es\/web\/wp-json\/wp\/v2\/comments?post=5453"}],"version-history":[{"count":0,"href":"https:\/\/mediocudeyo.es\/web\/wp-json\/wp\/v2\/posts\/5453\/revisions"}],"wp:attachment":[{"href":"https:\/\/mediocudeyo.es\/web\/wp-json\/wp\/v2\/media?parent=5453"}],"wp:term":[{"taxonomy":"category","embeddable":true,"href":"https:\/\/mediocudeyo.es\/web\/wp-json\/wp\/v2\/categories?post=5453"},{"taxonomy":"post_tag","embeddable":true,"href":"https:\/\/mediocudeyo.es\/web\/wp-json\/wp\/v2\/tags?post=5453"}],"curies":[{"name":"wp","href":"https:\/\/api.w.org\/{rel}","templated":true}]}}