{"id":5490,"date":"2019-02-19T09:20:43","date_gmt":"2019-02-19T08:20:43","guid":{"rendered":"http:\/\/mediocudeyo.es\/web\/?p=5490"},"modified":"2019-02-19T09:20:43","modified_gmt":"2019-02-19T08:20:43","slug":"filmoteca-manifesto","status":"publish","type":"post","link":"https:\/\/mediocudeyo.es\/web\/filmoteca-manifesto\/","title":{"rendered":"FILMOTECA: MANIFESTO"},"content":{"rendered":"<p><img fetchpriority=\"high\" decoding=\"async\" class=\"alignnone size-full wp-image-5491\" src=\"http:\/\/mediocudeyo.es\/web\/wp-content\/uploads\/2019\/02\/manifesto-596852003-large.jpg\" alt=\"\" width=\"706\" height=\"999\" \/><\/p>\n<p>Lunes 25 de febrero, 20:30 h.<\/p>\n<p>Centro Cultural Ram\u00f3n Pelayo (Solares)<\/p>\n<p>Precio \u00fanico: 2.50\u20ac<\/p>\n<p>Versi\u00f3n original subtitulada.\u00a0<!--more--><\/p>\n<p>T\u00edtulo original: Manifesto<\/p>\n<p>A\u00f1o: 2015<\/p>\n<p>Duraci\u00f3n: 95 min.<\/p>\n<p>Pa\u00eds<span id=\"country-img\">: <img decoding=\"async\" title=\"Alemania\" src=\"https:\/\/www.filmaffinity.com\/imgs\/countries\/DE.jpg\" alt=\"Alemania\" \/><\/span>\u00a0Alemania<\/p>\n<div class=\"product-details-content margin-bottom-2\"><label class=\"mcu-text-details-text-b\">Calificaci\u00f3n:<\/label> <label class=\"custom-simple-label\">NO RECOMENDADA PARA MENORES DE SIETE A\u00d1OS <\/label><\/div>\n<p>Direcci\u00f3n:<span class=\"director\"> Julian Rosefeldt<\/span><\/p>\n<p>Guion: <span class=\"nb\">Julian Rosefeldt<\/span><\/p>\n<p>Fotograf\u00eda: <span class=\"nb\">Christoph Krauss<\/span><\/p>\n<p>Reparto:\u00a0<span class=\"cast\"> Cate Blanchett, <\/span> <span class=\"cast\"> Erika Bauer, <\/span> <span class=\"cast\"> Carl Dietrich, <\/span> <span class=\"cast\"> Marie Borkowski Foedrowitz, <\/span> <span class=\"cast\"> Ea-Ja Kim, <\/span> <span class=\"cast\"> Marina Michael, <\/span> <span class=\"cast\"> Hannelore Ohlendorf, <\/span> <span class=\"cast\"> Ottokar Sachse, <\/span> <span class=\"cast\"> Ralf Tempel, <\/span> <span class=\"cast\"> Jimmy Trash<\/span><\/p>\n<p>Productora: <span class=\"nb\">Bayerischer Rundfunk (BR) \/ Ruhr Triennale \/ Schiwago Film<\/span><\/p>\n<p>G\u00e9nero: Drama<\/p>\n<p>Sinopsis: Cate Blanchett hace homenaje a la tradici\u00f3n y belleza de los Manifiestos Art\u00edsticos a trav\u00e9s de una serie de personajes impresionantes y mon\u00f3logos desconcertantes.<\/p>\n<p><a href=\"https:\/\/www.youtube.com\/watch?v=fGZEB6JgTNs\" data-rel=\"lightbox-video-0\">TRAILER V. O. SUBTITULADO<\/a><\/p>\n<p>&nbsp;<\/p>\n","protected":false},"excerpt":{"rendered":"<p>Lunes 25 de febrero, 20:30 h. Centro Cultural Ram\u00f3n Pelayo (Solares) Precio \u00fanico: 2.50\u20ac Versi\u00f3n original subtitulada.\u00a0<\/p>\n","protected":false},"author":4,"featured_media":0,"comment_status":"closed","ping_status":"closed","sticky":false,"template":"","format":"standard","meta":{"footnotes":""},"categories":[59],"tags":[58,116,117],"class_list":["post-5490","post","type-post","status-publish","format-standard","hentry","category-cultura","tag-centro-cultural-ramon-pelayo","tag-cine","tag-filmoteca"],"_links":{"self":[{"href":"https:\/\/mediocudeyo.es\/web\/wp-json\/wp\/v2\/posts\/5490"}],"collection":[{"href":"https:\/\/mediocudeyo.es\/web\/wp-json\/wp\/v2\/posts"}],"about":[{"href":"https:\/\/mediocudeyo.es\/web\/wp-json\/wp\/v2\/types\/post"}],"author":[{"embeddable":true,"href":"https:\/\/mediocudeyo.es\/web\/wp-json\/wp\/v2\/users\/4"}],"replies":[{"embeddable":true,"href":"https:\/\/mediocudeyo.es\/web\/wp-json\/wp\/v2\/comments?post=5490"}],"version-history":[{"count":0,"href":"https:\/\/mediocudeyo.es\/web\/wp-json\/wp\/v2\/posts\/5490\/revisions"}],"wp:attachment":[{"href":"https:\/\/mediocudeyo.es\/web\/wp-json\/wp\/v2\/media?parent=5490"}],"wp:term":[{"taxonomy":"category","embeddable":true,"href":"https:\/\/mediocudeyo.es\/web\/wp-json\/wp\/v2\/categories?post=5490"},{"taxonomy":"post_tag","embeddable":true,"href":"https:\/\/mediocudeyo.es\/web\/wp-json\/wp\/v2\/tags?post=5490"}],"curies":[{"name":"wp","href":"https:\/\/api.w.org\/{rel}","templated":true}]}}