{"id":5520,"date":"2019-02-20T12:29:21","date_gmt":"2019-02-20T11:29:21","guid":{"rendered":"http:\/\/mediocudeyo.es\/web\/?p=5520"},"modified":"2019-02-20T12:29:21","modified_gmt":"2019-02-20T11:29:21","slug":"iii-jornadas-marca-cultura-territorio","status":"publish","type":"post","link":"https:\/\/mediocudeyo.es\/web\/iii-jornadas-marca-cultura-territorio\/","title":{"rendered":"III JORNADAS \u00abMARCA CULTURA TERRITORIO\u00bb"},"content":{"rendered":"<p><img fetchpriority=\"high\" decoding=\"async\" class=\"alignnone size-full wp-image-5527\" src=\"http:\/\/mediocudeyo.es\/web\/wp-content\/uploads\/2019\/02\/III-jornadas-marca-cultura-territorio.jpg\" alt=\"\" width=\"411\" height=\"420\" \/><\/p>\n<p>La tercera edici\u00f3n de las Jornadas\u00a0<strong>Marca Cultura Territorio<\/strong>\u00a0se celebrar\u00e1 del 5 al 7 de marzo en Santander y Solares y tendr\u00e1 como temas principales de debate el Estatuto del Artista y Trabajador de la Cultura, las nuevas narrativas surgidas en la era digital, y la relaci\u00f3n entre cultura y el medio rural.<!--more--><\/p>\n<p>Las pol\u00edticas culturales, la educaci\u00f3n como elemento transformador y los derechos de la cultura tambi\u00e9n ser\u00e1n asuntos de reflexi\u00f3n y trabajo.<\/p>\n<p>La Plataforma de Empresas Culturales de Cantabria (PECCA) y la Asociaci\u00f3n de Artes de Calle de\u00a0Euskadi (ARTEKALE) organizan, por tercera vez, este evento que re\u00fane a voces destacadas del sector a nivel nacional. El Ministerio de Cultura y Deporte, la Consejer\u00eda de Educaci\u00f3n, Cultura y Deporte del Gobierno de Cantabria y la Fundaci\u00f3n Santander Creativa financian este encuentro, que tambi\u00e9n cuenta con la colaboraci\u00f3n de los ayuntamientos de Santander y Medio Cudeyo.<\/p>\n<p>El Palacio de La Magdalena de Santander se convertir\u00e1 nuevamente en un centro de debate, intercambio de experiencias y formaci\u00f3n para analizar los retos, problemas e inquietudes de las empresas culturales y creativas. Por primera vez, \u00abMarca Cultura Territorio\u00bb sale del \u00e1mbito de la capital con la celebraci\u00f3n de la segunda jornada de trabajo (6 de marzo), en el Centro Cultural Ram\u00f3n Pelayo de Solares.<\/p>\n<p>El encuentro est\u00e1 dirigido, principalmente, a profesionales del sector, pero tambi\u00e9n a emprendedores culturales, a personal t\u00e9cnico y\/o directivo de empresas, asociaciones y fundaciones culturales. Asimismo, podr\u00e1n participar responsables pol\u00edticos y t\u00e9cnicos de la Administraci\u00f3n Local y Auton\u00f3mica, de Lanzaderas de Empleo y Grupos de Acci\u00f3n Local, as\u00ed como estudiantes interesados en el sector cultural o tur\u00edstico y profesionales de otros campos que quieran orientar su carrera profesional hacia las organizaciones y proyectos culturales.<\/p>\n<p>Las personas interesadas en participar podr\u00e1n formalizar su inscripci\u00f3n a trav\u00e9s de la p\u00e1gina web del encuentro\u00a0<a href=\"http:\/\/www.pecca.es\/culturaterritorio2019\" target=\"_blank\" rel=\"noopener\">www.pecca.es\/culturaterritorio2019<\/a>\u00a0. El plazo permanecer\u00e1 abierto hasta el 26 de febrero.<\/p>\n<p>Hay dos modalidades de inscripci\u00f3n: la asistencia a las jornadas completas (52 euros), que incluye la participaci\u00f3n en todas las actividades programadas y en las comidas networking de todos los d\u00edas; y la asistencia por jornada (34 euros), que incluye la participaci\u00f3n en las sesiones y mesas de debate, la realizaci\u00f3n del taller de la jornada y la comida del d\u00eda. En ambos casos, la inscripci\u00f3n incluye el traslado en autob\u00fas entre Santander y Solares para participar en la jornada del d\u00eda 6.Los estudiantes y las personas en situaci\u00f3n de desempleo que deseen asistir podr\u00e1n hacerlo de manera gratuita, aunque en este caso, la inscripci\u00f3n no incluye las comidas.<\/p>\n<p>La inscripci\u00f3n para participar en la \u00abYincana Feminizando el patrimonio\u00bb es gratuita e incluye el recorrido l\u00fadico por la capital c\u00e1ntabra y un almuerzo. Las plazas son limitadas.<\/p>\n<p><a href=\"https:\/\/pecca.es\/culturaterritorio2019\/\">\u00a0PROGRAMA III JORNADAS \u00abMARCA CULTURA TERRITORIO\u00bb<\/a><\/p>\n","protected":false},"excerpt":{"rendered":"<p>La tercera edici\u00f3n de las Jornadas\u00a0Marca Cultura Territorio\u00a0se celebrar\u00e1 del 5 al 7 de marzo en Santander y Solares y tendr\u00e1 como temas principales de debate el Estatuto del Artista [&hellip;]<\/p>\n","protected":false},"author":4,"featured_media":0,"comment_status":"closed","ping_status":"closed","sticky":false,"template":"","format":"standard","meta":{"footnotes":""},"categories":[59],"tags":[58,262],"class_list":["post-5520","post","type-post","status-publish","format-standard","hentry","category-cultura","tag-centro-cultural-ramon-pelayo","tag-jornadas-marcacultura-patrimonio"],"_links":{"self":[{"href":"https:\/\/mediocudeyo.es\/web\/wp-json\/wp\/v2\/posts\/5520"}],"collection":[{"href":"https:\/\/mediocudeyo.es\/web\/wp-json\/wp\/v2\/posts"}],"about":[{"href":"https:\/\/mediocudeyo.es\/web\/wp-json\/wp\/v2\/types\/post"}],"author":[{"embeddable":true,"href":"https:\/\/mediocudeyo.es\/web\/wp-json\/wp\/v2\/users\/4"}],"replies":[{"embeddable":true,"href":"https:\/\/mediocudeyo.es\/web\/wp-json\/wp\/v2\/comments?post=5520"}],"version-history":[{"count":0,"href":"https:\/\/mediocudeyo.es\/web\/wp-json\/wp\/v2\/posts\/5520\/revisions"}],"wp:attachment":[{"href":"https:\/\/mediocudeyo.es\/web\/wp-json\/wp\/v2\/media?parent=5520"}],"wp:term":[{"taxonomy":"category","embeddable":true,"href":"https:\/\/mediocudeyo.es\/web\/wp-json\/wp\/v2\/categories?post=5520"},{"taxonomy":"post_tag","embeddable":true,"href":"https:\/\/mediocudeyo.es\/web\/wp-json\/wp\/v2\/tags?post=5520"}],"curies":[{"name":"wp","href":"https:\/\/api.w.org\/{rel}","templated":true}]}}