{"id":5539,"date":"2019-02-20T20:02:08","date_gmt":"2019-02-20T19:02:08","guid":{"rendered":"http:\/\/mediocudeyo.es\/web\/?p=5539"},"modified":"2019-02-20T20:02:08","modified_gmt":"2019-02-20T19:02:08","slug":"talleres-de-carnaval","status":"publish","type":"post","link":"https:\/\/mediocudeyo.es\/web\/talleres-de-carnaval\/","title":{"rendered":"TALLERES DE CARNAVAL"},"content":{"rendered":"<p><img fetchpriority=\"high\" decoding=\"async\" class=\"alignnone size-large wp-image-5540\" src=\"http:\/\/mediocudeyo.es\/web\/wp-content\/uploads\/2019\/02\/TALLERES-CARNAVAL-jpg-724x1024.jpg\" alt=\"\" width=\"474\" height=\"670\" \/><\/p>\n<p>Ven a disfrutar de los talleres de carnaval que se llevar\u00e1n a cabo en el Centro Cultural Ram\u00f3n Pelayo los d\u00edas 28 de febrero, 1 y 4 de marzo.<\/p>\n<p>Horario infantil : 10:00\/11:30h ( 3 a 5 a\u00f1os )<\/p>\n<p>Horario primaria : 12:00\/13:30h ( 6 a 12 a\u00f1os )<\/p>\n<p>Inscripciones hasta el martes 26 de febrero en el Punto de Informaci\u00f3n Municipal, y en el tel\u00e9fono 942522685.<\/p>\n","protected":false},"excerpt":{"rendered":"<p>Ven a disfrutar de los talleres de carnaval que se llevar\u00e1n a cabo en el Centro Cultural Ram\u00f3n Pelayo los d\u00edas 28 de febrero, 1 y 4 de marzo. Horario [&hellip;]<\/p>\n","protected":false},"author":4,"featured_media":0,"comment_status":"closed","ping_status":"closed","sticky":false,"template":"","format":"standard","meta":{"footnotes":""},"categories":[59],"tags":[142,58,118],"class_list":["post-5539","post","type-post","status-publish","format-standard","hentry","category-cultura","tag-carnaval","tag-centro-cultural-ramon-pelayo","tag-cursos-y-talleres"],"_links":{"self":[{"href":"https:\/\/mediocudeyo.es\/web\/wp-json\/wp\/v2\/posts\/5539"}],"collection":[{"href":"https:\/\/mediocudeyo.es\/web\/wp-json\/wp\/v2\/posts"}],"about":[{"href":"https:\/\/mediocudeyo.es\/web\/wp-json\/wp\/v2\/types\/post"}],"author":[{"embeddable":true,"href":"https:\/\/mediocudeyo.es\/web\/wp-json\/wp\/v2\/users\/4"}],"replies":[{"embeddable":true,"href":"https:\/\/mediocudeyo.es\/web\/wp-json\/wp\/v2\/comments?post=5539"}],"version-history":[{"count":0,"href":"https:\/\/mediocudeyo.es\/web\/wp-json\/wp\/v2\/posts\/5539\/revisions"}],"wp:attachment":[{"href":"https:\/\/mediocudeyo.es\/web\/wp-json\/wp\/v2\/media?parent=5539"}],"wp:term":[{"taxonomy":"category","embeddable":true,"href":"https:\/\/mediocudeyo.es\/web\/wp-json\/wp\/v2\/categories?post=5539"},{"taxonomy":"post_tag","embeddable":true,"href":"https:\/\/mediocudeyo.es\/web\/wp-json\/wp\/v2\/tags?post=5539"}],"curies":[{"name":"wp","href":"https:\/\/api.w.org\/{rel}","templated":true}]}}