{"id":5552,"date":"2019-02-22T18:12:53","date_gmt":"2019-02-22T17:12:53","guid":{"rendered":"http:\/\/mediocudeyo.es\/web\/?p=5552"},"modified":"2019-02-22T18:12:53","modified_gmt":"2019-02-22T17:12:53","slug":"jueves-en-red-iniciacion-al-uso-del-movil-2","status":"publish","type":"post","link":"https:\/\/mediocudeyo.es\/web\/jueves-en-red-iniciacion-al-uso-del-movil-2\/","title":{"rendered":"JUEVES EN RED. INICIACI\u00d3N AL USO DEL M\u00d3VIL"},"content":{"rendered":"<p><img fetchpriority=\"high\" decoding=\"async\" class=\"alignnone size-large wp-image-5554\" src=\"http:\/\/mediocudeyo.es\/web\/wp-content\/uploads\/2019\/02\/CARTEL-JUEVES-RED-marzo-001-724x1024.jpg\" alt=\"\" width=\"474\" height=\"670\" \/><\/p>\n<p>Ampliamos a los jueves de marzo.<\/p>\n<p>Talleres de iniciaci\u00f3n al uso del m\u00f3vil para adultos.<\/p>\n<p>D\u00edas 7, 14, 21 y 28 de marzo ( Jueves).<\/p>\n<p>Horario : 11:00 \u2013 12:30 h.<\/p>\n<p>Inscripciones en el P.I.M. del Centro Cultural, y en el tel. 942522685<\/p>\n","protected":false},"excerpt":{"rendered":"<p>Ampliamos a los jueves de marzo. Talleres de iniciaci\u00f3n al uso del m\u00f3vil para adultos. D\u00edas 7, 14, 21 y 28 de marzo ( Jueves). Horario : 11:00 \u2013 12:30 [&hellip;]<\/p>\n","protected":false},"author":4,"featured_media":0,"comment_status":"closed","ping_status":"closed","sticky":false,"template":"","format":"standard","meta":{"footnotes":""},"categories":[59],"tags":[58,118,89],"class_list":["post-5552","post","type-post","status-publish","format-standard","hentry","category-cultura","tag-centro-cultural-ramon-pelayo","tag-cursos-y-talleres","tag-cursos-y-talleres-para-adultos"],"_links":{"self":[{"href":"https:\/\/mediocudeyo.es\/web\/wp-json\/wp\/v2\/posts\/5552"}],"collection":[{"href":"https:\/\/mediocudeyo.es\/web\/wp-json\/wp\/v2\/posts"}],"about":[{"href":"https:\/\/mediocudeyo.es\/web\/wp-json\/wp\/v2\/types\/post"}],"author":[{"embeddable":true,"href":"https:\/\/mediocudeyo.es\/web\/wp-json\/wp\/v2\/users\/4"}],"replies":[{"embeddable":true,"href":"https:\/\/mediocudeyo.es\/web\/wp-json\/wp\/v2\/comments?post=5552"}],"version-history":[{"count":0,"href":"https:\/\/mediocudeyo.es\/web\/wp-json\/wp\/v2\/posts\/5552\/revisions"}],"wp:attachment":[{"href":"https:\/\/mediocudeyo.es\/web\/wp-json\/wp\/v2\/media?parent=5552"}],"wp:term":[{"taxonomy":"category","embeddable":true,"href":"https:\/\/mediocudeyo.es\/web\/wp-json\/wp\/v2\/categories?post=5552"},{"taxonomy":"post_tag","embeddable":true,"href":"https:\/\/mediocudeyo.es\/web\/wp-json\/wp\/v2\/tags?post=5552"}],"curies":[{"name":"wp","href":"https:\/\/api.w.org\/{rel}","templated":true}]}}