{"id":5578,"date":"2019-02-28T18:26:07","date_gmt":"2019-02-28T17:26:07","guid":{"rendered":"http:\/\/mediocudeyo.es\/web\/?p=5578"},"modified":"2019-02-28T18:26:07","modified_gmt":"2019-02-28T17:26:07","slug":"talleres-de-igualdad","status":"publish","type":"post","link":"https:\/\/mediocudeyo.es\/web\/talleres-de-igualdad\/","title":{"rendered":"TALLERES DE IGUALDAD"},"content":{"rendered":"<p><img fetchpriority=\"high\" decoding=\"async\" class=\"alignnone size-large wp-image-5579\" src=\"http:\/\/mediocudeyo.es\/web\/wp-content\/uploads\/2019\/02\/Talleres-de-igualdad-724x1024.jpg\" alt=\"\" width=\"474\" height=\"670\" \/><\/p>\n<p>Durante los jueves de marzo se llevar\u00e1n a cabo, en el Centro Cultural Ram\u00f3n Pelayo, unos talleres dirigidos a ni\u00f1os y a ni\u00f1as, con el objetivo de concienciar sobre la igualdad.<\/p>\n<p>Horario infantil : 17:00\/18:00h<\/p>\n<p>Horario primaria : 18:00\/19:00h<\/p>\n<p>Inscripciones en el Punto de Informaci\u00f3n Municipal, y en el tel\u00e9fono 942522685.<\/p>\n","protected":false},"excerpt":{"rendered":"<p>Durante los jueves de marzo se llevar\u00e1n a cabo, en el Centro Cultural Ram\u00f3n Pelayo, unos talleres dirigidos a ni\u00f1os y a ni\u00f1as, con el objetivo de concienciar sobre la [&hellip;]<\/p>\n","protected":false},"author":4,"featured_media":0,"comment_status":"closed","ping_status":"closed","sticky":false,"template":"","format":"standard","meta":{"footnotes":""},"categories":[59],"tags":[58,118,68],"class_list":["post-5578","post","type-post","status-publish","format-standard","hentry","category-cultura","tag-centro-cultural-ramon-pelayo","tag-cursos-y-talleres","tag-igualdad"],"_links":{"self":[{"href":"https:\/\/mediocudeyo.es\/web\/wp-json\/wp\/v2\/posts\/5578"}],"collection":[{"href":"https:\/\/mediocudeyo.es\/web\/wp-json\/wp\/v2\/posts"}],"about":[{"href":"https:\/\/mediocudeyo.es\/web\/wp-json\/wp\/v2\/types\/post"}],"author":[{"embeddable":true,"href":"https:\/\/mediocudeyo.es\/web\/wp-json\/wp\/v2\/users\/4"}],"replies":[{"embeddable":true,"href":"https:\/\/mediocudeyo.es\/web\/wp-json\/wp\/v2\/comments?post=5578"}],"version-history":[{"count":0,"href":"https:\/\/mediocudeyo.es\/web\/wp-json\/wp\/v2\/posts\/5578\/revisions"}],"wp:attachment":[{"href":"https:\/\/mediocudeyo.es\/web\/wp-json\/wp\/v2\/media?parent=5578"}],"wp:term":[{"taxonomy":"category","embeddable":true,"href":"https:\/\/mediocudeyo.es\/web\/wp-json\/wp\/v2\/categories?post=5578"},{"taxonomy":"post_tag","embeddable":true,"href":"https:\/\/mediocudeyo.es\/web\/wp-json\/wp\/v2\/tags?post=5578"}],"curies":[{"name":"wp","href":"https:\/\/api.w.org\/{rel}","templated":true}]}}