{"id":5586,"date":"2019-03-04T12:44:49","date_gmt":"2019-03-04T11:44:49","guid":{"rendered":"http:\/\/mediocudeyo.es\/web\/?p=5586"},"modified":"2019-03-04T12:44:49","modified_gmt":"2019-03-04T11:44:49","slug":"huelga-8-de-marzo-dia-de-la-mujer","status":"publish","type":"post","link":"https:\/\/mediocudeyo.es\/web\/huelga-8-de-marzo-dia-de-la-mujer\/","title":{"rendered":"HUELGA 8 DE MARZO D\u00cdA DE LA MUJER"},"content":{"rendered":"<p>Desde el Centro Cultural Ram\u00f3n Pelayo informamos :<\/p>\n<p>El viernes d\u00eda 8 de marzo con motivo del d\u00eda de la mujer, se va a llevar a cabo una huelga y no se garantizan para ese d\u00eda los servicios m\u00ednimos a la ciudadan\u00eda del centro cultural.<\/p>\n<p>Disculpen las molestias.<\/p>\n<p><img decoding=\"async\" class=\"\" src=\"https:\/\/www.cantabriatotal.com\/oigh3fuiwrtd7862u_uploads\/photo_2853_images%20(21).jpg\" alt=\"Resultado de imagen de centro cultural ramon pelayo logo\" width=\"165\" height=\"125\" \/><\/p>\n<p>&nbsp;<\/p>\n","protected":false},"excerpt":{"rendered":"<p>Desde el Centro Cultural Ram\u00f3n Pelayo informamos : El viernes d\u00eda 8 de marzo con motivo del d\u00eda de la mujer, se va a llevar a cabo una huelga y [&hellip;]<\/p>\n","protected":false},"author":4,"featured_media":0,"comment_status":"closed","ping_status":"closed","sticky":false,"template":"","format":"standard","meta":{"footnotes":""},"categories":[59],"tags":[],"class_list":["post-5586","post","type-post","status-publish","format-standard","hentry","category-cultura"],"_links":{"self":[{"href":"https:\/\/mediocudeyo.es\/web\/wp-json\/wp\/v2\/posts\/5586"}],"collection":[{"href":"https:\/\/mediocudeyo.es\/web\/wp-json\/wp\/v2\/posts"}],"about":[{"href":"https:\/\/mediocudeyo.es\/web\/wp-json\/wp\/v2\/types\/post"}],"author":[{"embeddable":true,"href":"https:\/\/mediocudeyo.es\/web\/wp-json\/wp\/v2\/users\/4"}],"replies":[{"embeddable":true,"href":"https:\/\/mediocudeyo.es\/web\/wp-json\/wp\/v2\/comments?post=5586"}],"version-history":[{"count":0,"href":"https:\/\/mediocudeyo.es\/web\/wp-json\/wp\/v2\/posts\/5586\/revisions"}],"wp:attachment":[{"href":"https:\/\/mediocudeyo.es\/web\/wp-json\/wp\/v2\/media?parent=5586"}],"wp:term":[{"taxonomy":"category","embeddable":true,"href":"https:\/\/mediocudeyo.es\/web\/wp-json\/wp\/v2\/categories?post=5586"},{"taxonomy":"post_tag","embeddable":true,"href":"https:\/\/mediocudeyo.es\/web\/wp-json\/wp\/v2\/tags?post=5586"}],"curies":[{"name":"wp","href":"https:\/\/api.w.org\/{rel}","templated":true}]}}