{"id":5597,"date":"2019-03-06T09:09:36","date_gmt":"2019-03-06T08:09:36","guid":{"rendered":"http:\/\/mediocudeyo.es\/web\/?p=5597"},"modified":"2019-03-06T09:09:36","modified_gmt":"2019-03-06T08:09:36","slug":"documental-arte-nomada-jornadas-marca-cultura-territorio","status":"publish","type":"post","link":"https:\/\/mediocudeyo.es\/web\/documental-arte-nomada-jornadas-marca-cultura-territorio\/","title":{"rendered":"Documental \u00bb Arte N\u00f3mada \u00bb Jornadas Marca, Cultura, Territorio."},"content":{"rendered":"<p>Con motivo de las III Jornadas Marca Cultura Territorio, el mi\u00e9rcoles 6 de marzo a las 13:00h en el Centro Cultural Ram\u00f3n Pelayo ( Solares) , se proyectar\u00e1 en el Sal\u00f3n de Actos \u201c Arte N\u00f3mada\u201d , \u00a0un corto documental basado en las actividades tradicionales como inspiradoras del arte actual, que tendr\u00e1 una duraci\u00f3n de 10 minutos.<\/p>\n<p>El documental recoge el proceso\u00a0creativo marcado por la trashumancia como referencia, desde el acompa\u00f1amiento del reba\u00f1o, vivencias y apuntes, hasta el resultado, la elaboraci\u00f3n y descontextualizaci\u00f3n posterior en el estudio.<\/p>\n<p>Resume ese di\u00e1logo de interacci\u00f3n con el medio ambiente para componer ambientes est\u00e9ticos y po\u00e9ticos que evocan labores ancestrales y el origen primitivo del ser humano. En la cinta queda patente como las obras adquieren un cuerpo po\u00e9tico con ra\u00edces etnogr\u00e1ficas y antropol\u00f3gicas.\u00a0Mediante t\u00e9cnicas artesanas, se observa, como se transforman los elementos naturales, en texturas y composiciones art\u00edsticas que parecen participar de la misma asociaci\u00f3n est\u00e9tica que emana de la tierra y de los oficios tradicionales.<\/p>\n<p>Entrada libre hasta completar aforo.<img fetchpriority=\"high\" decoding=\"async\" class=\"alignnone size-full wp-image-5527\" src=\"http:\/\/mediocudeyo.es\/web\/wp-content\/uploads\/2019\/02\/III-jornadas-marca-cultura-territorio.jpg\" alt=\"\" width=\"411\" height=\"420\" \/><\/p>\n<p>&nbsp;<\/p>\n","protected":false},"excerpt":{"rendered":"<p>Con motivo de las III Jornadas Marca Cultura Territorio, el mi\u00e9rcoles 6 de marzo a las 13:00h en el Centro Cultural Ram\u00f3n Pelayo ( Solares) , se proyectar\u00e1 en el [&hellip;]<\/p>\n","protected":false},"author":4,"featured_media":0,"comment_status":"closed","ping_status":"closed","sticky":false,"template":"","format":"standard","meta":{"footnotes":""},"categories":[59],"tags":[58,262],"class_list":["post-5597","post","type-post","status-publish","format-standard","hentry","category-cultura","tag-centro-cultural-ramon-pelayo","tag-jornadas-marcacultura-patrimonio"],"_links":{"self":[{"href":"https:\/\/mediocudeyo.es\/web\/wp-json\/wp\/v2\/posts\/5597"}],"collection":[{"href":"https:\/\/mediocudeyo.es\/web\/wp-json\/wp\/v2\/posts"}],"about":[{"href":"https:\/\/mediocudeyo.es\/web\/wp-json\/wp\/v2\/types\/post"}],"author":[{"embeddable":true,"href":"https:\/\/mediocudeyo.es\/web\/wp-json\/wp\/v2\/users\/4"}],"replies":[{"embeddable":true,"href":"https:\/\/mediocudeyo.es\/web\/wp-json\/wp\/v2\/comments?post=5597"}],"version-history":[{"count":0,"href":"https:\/\/mediocudeyo.es\/web\/wp-json\/wp\/v2\/posts\/5597\/revisions"}],"wp:attachment":[{"href":"https:\/\/mediocudeyo.es\/web\/wp-json\/wp\/v2\/media?parent=5597"}],"wp:term":[{"taxonomy":"category","embeddable":true,"href":"https:\/\/mediocudeyo.es\/web\/wp-json\/wp\/v2\/categories?post=5597"},{"taxonomy":"post_tag","embeddable":true,"href":"https:\/\/mediocudeyo.es\/web\/wp-json\/wp\/v2\/tags?post=5597"}],"curies":[{"name":"wp","href":"https:\/\/api.w.org\/{rel}","templated":true}]}}