{"id":5656,"date":"2019-03-12T15:26:51","date_gmt":"2019-03-12T14:26:51","guid":{"rendered":"http:\/\/mediocudeyo.es\/web\/?p=5656"},"modified":"2019-03-12T15:26:51","modified_gmt":"2019-03-12T14:26:51","slug":"filmoteca-la-numero-1","status":"publish","type":"post","link":"https:\/\/mediocudeyo.es\/web\/filmoteca-la-numero-1\/","title":{"rendered":"FILMOTECA: LA N\u00daMERO 1"},"content":{"rendered":"<p><img fetchpriority=\"high\" decoding=\"async\" class=\"alignnone size-large wp-image-5657\" src=\"http:\/\/mediocudeyo.es\/web\/wp-content\/uploads\/2019\/03\/La_n_mero_uno-294614484-large-754x1024.jpg\" alt=\"\" width=\"474\" height=\"644\" \/><\/p>\n<p>Lunes 18 de marzo, 20:30 h.<\/p>\n<p>Centro Cultural Ram\u00f3n Pelayo (Solares)<\/p>\n<p>Precio \u00fanico: 2.50\u20ac<\/p>\n<p>Versi\u00f3n original subtitulada.<!--more--><span id=\"more-5589\"><\/span><span id=\"more-5565\"><\/span><\/p>\n<p><label class=\"mcu-text-details-text-b\">Calificaci\u00f3n:<\/label>\u00a0NO RECOMENDADA PARA MENORES DE DOCE A\u00d1OS<\/p>\n<p>T\u00edtulo original: Num\u00e9ro une<\/p>\n<p>A\u00f1o: 2017<\/p>\n<p>Duraci\u00f3n: 110 min.<\/p>\n<p>Pa\u00eds:\u00a0<span id=\"country-img\"><img decoding=\"async\" title=\"Francia\" src=\"https:\/\/www.filmaffinity.com\/imgs\/countries\/FR.jpg\" alt=\"Francia\" \/><\/span>\u00a0Francia<\/p>\n<p>Direcci\u00f3n:<span class=\"director\"> Tonie Marshall<br \/>\n<\/span><\/p>\n<p>Guion:\u00a0<span class=\"nb\">Rapha\u00eblle Bacqu\u00e9,<\/span>\u00a0<span class=\"nb\">Marion Doussot,<\/span>\u00a0<span class=\"nb\">Tonie Marshall<\/span><\/p>\n<p>M\u00fasica:<span class=\"nb\">Fabien Kourtzer,<\/span>\u00a0<span class=\"nb\">Mike Kourtzer<\/span><\/p>\n<p>Fotograf\u00eda:\u00a0Julien Roux<\/p>\n<p>Reparto:<span class=\"cast\">Emmanuelle Devos,<\/span>\u00a0<span class=\"cast\">Suzanne Cl\u00e9ment,<\/span>\u00a0<span class=\"cast\">Richard Berry,<\/span>\u00a0<span class=\"cast\">Sami Frey,<\/span>\u00a0<span class=\"cast\">Benjamin Biolay,<\/span><span class=\"cast\">Francine Berg\u00e9,<\/span>\u00a0<span class=\"cast\">Anne Azoulay,<\/span>\u00a0<span class=\"cast\">Bernard Verley,<\/span>\u00a0<span class=\"cast\">John Lynch<\/span><\/p>\n<p>Productora:\u00a0Tabou-Tabac Films \/ France 3 Cin\u00e9ma \/ Versus Production \/ CN7 Productions \/ Noodles Production \/ VOO \/ BE TV \/ StudioCanal &#8211; Canal+ \/ CN7 Productions \/ TV5 Monde \/ Cofimage 28<\/p>\n<p>G\u00e9nero: Drama.\u00a0Comedia\u00a0|\u00a0Comedia dram\u00e1tica.\u00a0Trabajo\/empleo.\u00a0Feminismo<\/p>\n<p>Sinopsis: Emmanuelle Blachey es una brillante ingeniera que ha conseguido escalar y finalmente entrar en el comit\u00e9 ejecutivo de su empresa, el gigante franc\u00e9s de la energ\u00eda. Un d\u00eda, una red de mujeres influyentes le propone ayuda para conquistar la direcci\u00f3n de una importante empresa que cotiza en bolsa. Esto la convertir\u00eda en la primera mujer en ocupar un puesto de tal calibre. Pero en las esferas a\u00fan dominadas por los hombres, los obst\u00e1culos de tipo profesional y personal se multiplican. La conquista se anunciaba triunfal, pero en realidad se trata de una guerra.<\/p>\n<p><a href=\"https:\/\/www.youtube.com\/watch?v=4KIHCk4CtE8\" data-rel=\"lightbox-video-0\">TRAILER V. O. SUBTITULADO<\/a><\/p>\n<p>&nbsp;<\/p>\n","protected":false},"excerpt":{"rendered":"<p>Lunes 18 de marzo, 20:30 h. Centro Cultural Ram\u00f3n Pelayo (Solares) Precio \u00fanico: 2.50\u20ac Versi\u00f3n original subtitulada.<\/p>\n","protected":false},"author":4,"featured_media":0,"comment_status":"closed","ping_status":"closed","sticky":false,"template":"","format":"standard","meta":{"footnotes":""},"categories":[59],"tags":[58,116,117],"class_list":["post-5656","post","type-post","status-publish","format-standard","hentry","category-cultura","tag-centro-cultural-ramon-pelayo","tag-cine","tag-filmoteca"],"_links":{"self":[{"href":"https:\/\/mediocudeyo.es\/web\/wp-json\/wp\/v2\/posts\/5656"}],"collection":[{"href":"https:\/\/mediocudeyo.es\/web\/wp-json\/wp\/v2\/posts"}],"about":[{"href":"https:\/\/mediocudeyo.es\/web\/wp-json\/wp\/v2\/types\/post"}],"author":[{"embeddable":true,"href":"https:\/\/mediocudeyo.es\/web\/wp-json\/wp\/v2\/users\/4"}],"replies":[{"embeddable":true,"href":"https:\/\/mediocudeyo.es\/web\/wp-json\/wp\/v2\/comments?post=5656"}],"version-history":[{"count":0,"href":"https:\/\/mediocudeyo.es\/web\/wp-json\/wp\/v2\/posts\/5656\/revisions"}],"wp:attachment":[{"href":"https:\/\/mediocudeyo.es\/web\/wp-json\/wp\/v2\/media?parent=5656"}],"wp:term":[{"taxonomy":"category","embeddable":true,"href":"https:\/\/mediocudeyo.es\/web\/wp-json\/wp\/v2\/categories?post=5656"},{"taxonomy":"post_tag","embeddable":true,"href":"https:\/\/mediocudeyo.es\/web\/wp-json\/wp\/v2\/tags?post=5656"}],"curies":[{"name":"wp","href":"https:\/\/api.w.org\/{rel}","templated":true}]}}