{"id":5676,"date":"2019-03-18T11:27:01","date_gmt":"2019-03-18T10:27:01","guid":{"rendered":"http:\/\/mediocudeyo.es\/web\/?p=5676"},"modified":"2019-03-18T11:27:01","modified_gmt":"2019-03-18T10:27:01","slug":"danza-itinerantur","status":"publish","type":"post","link":"https:\/\/mediocudeyo.es\/web\/danza-itinerantur\/","title":{"rendered":"DANZA: ITINERANTUR"},"content":{"rendered":"<p><img fetchpriority=\"high\" decoding=\"async\" class=\"alignnone size-large wp-image-5677\" src=\"http:\/\/mediocudeyo.es\/web\/wp-content\/uploads\/2019\/03\/ITINERANTUR.-Cartel-Individual.-JPG-copia-web-724x1024.jpg\" alt=\"\" width=\"474\" height=\"670\" \/>SINOPSIS DEL ESPECT\u00c1CULO:<\/p>\n<p>En muchos momentos de nuestras vidas tenemos que tomar decisiones. Ese viaje que preparamos, una vez tomada la opci\u00f3n. Las cosas que metemos en nuestra mochila y que nos acompa\u00f1ar\u00e1n en el, los acontecimientos que suceden por el camino, la gente que nos vamos encontrando, las cosas de las que nos iremos desprendiendo.<!--more--><\/p>\n<p>Es un viaje f\u00edsico, donde cambiamos de lugar, pero tambi\u00e9n es un viaje espiritual en busca de nuestro destino, de nuestros sue\u00f1os, de nuestro futuro.<\/p>\n<p>Cada uno de los personajes que componen la obra emprende un viaje siguiendo su propio camino. Algunos tienen nostalgia de su hogar y otros sienten la nostalgia del afuera, unos vienen, otros van, pero todos forman parte del viaje, todos preparan o vacian sus equipajes.<\/p>\n<p>Servicio de reserva de entradas:<\/p>\n<p>Las entradas reservadas permanecer\u00e1n activas hasta 15 minutos antes del inicio del espect\u00e1culo, tras ese tiempo estar\u00e1n de nuevo disponibles al p\u00fablico.<\/p>\n<p>Bono fidelidad FusionARTE:<\/p>\n<p>Si vienes a cuatro eventos, te invitamos al quinto.<\/p>\n<p>&nbsp;<\/p>\n<p>Transcurridos cinco minutos del inicio del espect\u00e1culo, no se podr\u00e1 acceder a la sala.<\/p>\n","protected":false},"excerpt":{"rendered":"<p>SINOPSIS DEL ESPECT\u00c1CULO: En muchos momentos de nuestras vidas tenemos que tomar decisiones. Ese viaje que preparamos, una vez tomada la opci\u00f3n. Las cosas que metemos en nuestra mochila y [&hellip;]<\/p>\n","protected":false},"author":4,"featured_media":0,"comment_status":"closed","ping_status":"closed","sticky":false,"template":"","format":"standard","meta":{"footnotes":""},"categories":[59],"tags":[58,146,179,82],"class_list":["post-5676","post","type-post","status-publish","format-standard","hentry","category-cultura","tag-centro-cultural-ramon-pelayo","tag-danza","tag-enredarte","tag-fusionarte"],"_links":{"self":[{"href":"https:\/\/mediocudeyo.es\/web\/wp-json\/wp\/v2\/posts\/5676"}],"collection":[{"href":"https:\/\/mediocudeyo.es\/web\/wp-json\/wp\/v2\/posts"}],"about":[{"href":"https:\/\/mediocudeyo.es\/web\/wp-json\/wp\/v2\/types\/post"}],"author":[{"embeddable":true,"href":"https:\/\/mediocudeyo.es\/web\/wp-json\/wp\/v2\/users\/4"}],"replies":[{"embeddable":true,"href":"https:\/\/mediocudeyo.es\/web\/wp-json\/wp\/v2\/comments?post=5676"}],"version-history":[{"count":0,"href":"https:\/\/mediocudeyo.es\/web\/wp-json\/wp\/v2\/posts\/5676\/revisions"}],"wp:attachment":[{"href":"https:\/\/mediocudeyo.es\/web\/wp-json\/wp\/v2\/media?parent=5676"}],"wp:term":[{"taxonomy":"category","embeddable":true,"href":"https:\/\/mediocudeyo.es\/web\/wp-json\/wp\/v2\/categories?post=5676"},{"taxonomy":"post_tag","embeddable":true,"href":"https:\/\/mediocudeyo.es\/web\/wp-json\/wp\/v2\/tags?post=5676"}],"curies":[{"name":"wp","href":"https:\/\/api.w.org\/{rel}","templated":true}]}}