{"id":5693,"date":"2019-03-19T08:36:09","date_gmt":"2019-03-19T07:36:09","guid":{"rendered":"http:\/\/mediocudeyo.es\/web\/?p=5693"},"modified":"2019-03-19T08:36:09","modified_gmt":"2019-03-19T07:36:09","slug":"filmoteca-las-guardianas","status":"publish","type":"post","link":"https:\/\/mediocudeyo.es\/web\/filmoteca-las-guardianas\/","title":{"rendered":"FILMOTECA: LAS GUARDIANAS"},"content":{"rendered":"<p><img fetchpriority=\"high\" decoding=\"async\" class=\"alignnone size-large wp-image-5694\" src=\"http:\/\/mediocudeyo.es\/web\/wp-content\/uploads\/2019\/03\/les_gardiennes-348902863-large-752x1024.jpg\" alt=\"\" width=\"474\" height=\"645\" \/><\/p>\n<p>Lunes 25 de marzo, 20:30 h.<\/p>\n<p>Centro Cultural Ram\u00f3n Pelayo (Solares)<\/p>\n<p>Precio \u00fanico: 2.50\u20ac<\/p>\n<p>Versi\u00f3n original subtitulada.<!--more--><\/p>\n<p>T\u00edtulo original: Les Gardiennes<\/p>\n<p>A\u00f1o: 2017<\/p>\n<p>Duraci\u00f3n: 134 min.<\/p>\n<p>Pa\u00eds: <span id=\"country-img\"><img decoding=\"async\" title=\"Francia\" src=\"https:\/\/www.filmaffinity.com\/imgs\/countries\/FR.jpg\" alt=\"Francia\" \/><\/span>\u00a0Francia<\/p>\n<div class=\"product-details-content  margin-bottom-2\"><label class=\"mcu-text-details-text-b\">Calificaci\u00f3n:<\/label> <label class=\"custom-simple-label\">NO RECOMENDADA PARA MENORES DE SIETE A\u00d1OS <\/label><\/div>\n<p>Direcci\u00f3n:\u00a0<span class=\"director\"> Xavier Beauvois<\/span><\/p>\n<p>Guion: <span class=\"nb\">Xavier Beauvois,<\/span> <span class=\"nb\">Fr\u00e9d\u00e9rique Moreau,<\/span> <span class=\"nb\">Ernest P\u00e9rochon<\/span><\/p>\n<p>M\u00fasica: <span class=\"nb\">Michel Legrand<\/span><\/p>\n<p>Fotograf\u00eda: <span class=\"nb\">Caroline Champetier<\/span><\/p>\n<p>Reparto:<span class=\"cast\"> Nathalie Baye, <\/span> <span class=\"cast\"> Iris Bry, <\/span> <span class=\"cast\"> Olivier Rabourdin, <\/span> <span class=\"cast\"> Laura Smet, <\/span> <span class=\"cast\"> Yann Bean, <\/span> <span class=\"cast\"> Cyril Descours, <\/span> <span class=\"cast\"> Oph\u00e9lie-Marion Debiais<\/span><\/p>\n<p>Productora: <span class=\"nb\">Les Films du Worso<\/span><\/p>\n<p>G\u00e9nero: Drama | A\u00f1os 1910-1919. I Guerra Mundial<\/p>\n<p>Sinopsis: A\u00f1o 1915, en plena I Guerra Mundial. Los hombres est\u00e1n en el frente y las mujeres se han quedado para defender las tierras. Hortense, una madre de familia trabajadora sin l\u00edmites, emplea en su granja a Francine, una joven de la asistencia p\u00fablica, para que le ayude en el trabajo, ya que Solange, la hija, se niega a hacerlo. Las dos mujeres se van a llevar bien desde el primer momento.<\/p>\n<p><a href=\"https:\/\/www.youtube.com\/watch?v=B3yiesU4V10\" data-rel=\"lightbox-video-0\">TRAILER V. O. SUBTITULADO<\/a><\/p>\n<p>&nbsp;<\/p>\n","protected":false},"excerpt":{"rendered":"<p>Lunes 25 de marzo, 20:30 h. Centro Cultural Ram\u00f3n Pelayo (Solares) Precio \u00fanico: 2.50\u20ac Versi\u00f3n original subtitulada.<\/p>\n","protected":false},"author":4,"featured_media":0,"comment_status":"closed","ping_status":"closed","sticky":false,"template":"","format":"standard","meta":{"footnotes":""},"categories":[59],"tags":[58,116,117],"class_list":["post-5693","post","type-post","status-publish","format-standard","hentry","category-cultura","tag-centro-cultural-ramon-pelayo","tag-cine","tag-filmoteca"],"_links":{"self":[{"href":"https:\/\/mediocudeyo.es\/web\/wp-json\/wp\/v2\/posts\/5693"}],"collection":[{"href":"https:\/\/mediocudeyo.es\/web\/wp-json\/wp\/v2\/posts"}],"about":[{"href":"https:\/\/mediocudeyo.es\/web\/wp-json\/wp\/v2\/types\/post"}],"author":[{"embeddable":true,"href":"https:\/\/mediocudeyo.es\/web\/wp-json\/wp\/v2\/users\/4"}],"replies":[{"embeddable":true,"href":"https:\/\/mediocudeyo.es\/web\/wp-json\/wp\/v2\/comments?post=5693"}],"version-history":[{"count":0,"href":"https:\/\/mediocudeyo.es\/web\/wp-json\/wp\/v2\/posts\/5693\/revisions"}],"wp:attachment":[{"href":"https:\/\/mediocudeyo.es\/web\/wp-json\/wp\/v2\/media?parent=5693"}],"wp:term":[{"taxonomy":"category","embeddable":true,"href":"https:\/\/mediocudeyo.es\/web\/wp-json\/wp\/v2\/categories?post=5693"},{"taxonomy":"post_tag","embeddable":true,"href":"https:\/\/mediocudeyo.es\/web\/wp-json\/wp\/v2\/tags?post=5693"}],"curies":[{"name":"wp","href":"https:\/\/api.w.org\/{rel}","templated":true}]}}