{"id":5735,"date":"2019-03-27T16:07:25","date_gmt":"2019-03-27T15:07:25","guid":{"rendered":"http:\/\/mediocudeyo.es\/web\/?p=5735"},"modified":"2019-03-27T16:07:25","modified_gmt":"2019-03-27T15:07:25","slug":"vii-gala-del-deporte-medio-cudeyo","status":"publish","type":"post","link":"https:\/\/mediocudeyo.es\/web\/vii-gala-del-deporte-medio-cudeyo\/","title":{"rendered":"VII Gala del Deporte Medio Cudeyo"},"content":{"rendered":"<p><a href=\"http:\/\/mediocudeyo.es\/web\/wp-content\/uploads\/2019\/03\/gala-deporte.jpg\" data-rel=\"lightbox-image-0\" data-rl_title=\"\" data-rl_caption=\"\" title=\"\"><img fetchpriority=\"high\" decoding=\"async\" src=\"http:\/\/mediocudeyo.es\/web\/wp-content\/uploads\/2019\/03\/gala-deporte-1024x680.jpg\" alt=\"\" width=\"474\" height=\"315\" class=\"alignnone size-large wp-image-5736\" \/><\/a><br \/>\nEl pr\u00f3ximo viernes 12 de abril, a las 20:00, se celebra la VII Gala del Deporte de Medio Cudeyo, donde se reconocera a los mejores deportistas del a\u00f1o pasado.<br \/>\nEl Centro Cultural Ram\u00f3n Pelayo (Solares), como otros a\u00f1os es el lugar elegido para la celebraci\u00f3n y siendo la entrada gratuita hasta completar aforo.<br \/>\nOrganiza la Concejalia de Deportes.<\/p>\n","protected":false},"excerpt":{"rendered":"<p>El pr\u00f3ximo viernes 12 de abril, a las 20:00, se celebra la VII Gala del Deporte de Medio Cudeyo, donde se reconocera a los mejores deportistas del a\u00f1o pasado. El [&hellip;]<\/p>\n","protected":false},"author":2,"featured_media":0,"comment_status":"closed","ping_status":"closed","sticky":false,"template":"","format":"standard","meta":{"footnotes":""},"categories":[111,38,42],"tags":[268,269],"class_list":["post-5735","post","type-post","status-publish","format-standard","hentry","category-ciudadano","category-deporte","category-festejos","tag-deporte","tag-gala"],"_links":{"self":[{"href":"https:\/\/mediocudeyo.es\/web\/wp-json\/wp\/v2\/posts\/5735"}],"collection":[{"href":"https:\/\/mediocudeyo.es\/web\/wp-json\/wp\/v2\/posts"}],"about":[{"href":"https:\/\/mediocudeyo.es\/web\/wp-json\/wp\/v2\/types\/post"}],"author":[{"embeddable":true,"href":"https:\/\/mediocudeyo.es\/web\/wp-json\/wp\/v2\/users\/2"}],"replies":[{"embeddable":true,"href":"https:\/\/mediocudeyo.es\/web\/wp-json\/wp\/v2\/comments?post=5735"}],"version-history":[{"count":0,"href":"https:\/\/mediocudeyo.es\/web\/wp-json\/wp\/v2\/posts\/5735\/revisions"}],"wp:attachment":[{"href":"https:\/\/mediocudeyo.es\/web\/wp-json\/wp\/v2\/media?parent=5735"}],"wp:term":[{"taxonomy":"category","embeddable":true,"href":"https:\/\/mediocudeyo.es\/web\/wp-json\/wp\/v2\/categories?post=5735"},{"taxonomy":"post_tag","embeddable":true,"href":"https:\/\/mediocudeyo.es\/web\/wp-json\/wp\/v2\/tags?post=5735"}],"curies":[{"name":"wp","href":"https:\/\/api.w.org\/{rel}","templated":true}]}}