{"id":5809,"date":"2019-04-02T10:30:09","date_gmt":"2019-04-02T09:30:09","guid":{"rendered":"http:\/\/mediocudeyo.es\/web\/?p=5809"},"modified":"2019-04-02T10:30:09","modified_gmt":"2019-04-02T09:30:09","slug":"programa-de-conciliacion-semana-de-primavera","status":"publish","type":"post","link":"https:\/\/mediocudeyo.es\/web\/programa-de-conciliacion-semana-de-primavera\/","title":{"rendered":"PROGRAMA DE CONCILIACI\u00d3N SEMANA DE PRIMAVERA"},"content":{"rendered":"<p><img fetchpriority=\"high\" decoding=\"async\" class=\"alignnone size-large wp-image-5813\" src=\"http:\/\/mediocudeyo.es\/web\/wp-content\/uploads\/2019\/04\/Cartel-Semana-de-Primavera-pdf_page-0001-724x1024.jpg\" alt=\"\" width=\"474\" height=\"670\" \/><\/p>\n<p>Periodo de inscripciones desde el martes d\u00eda\u00a0 2\u00a0 al viernes d\u00eda 12 de abril en el PIM del Centro Cultural Ram\u00f3n Pelayo.<\/p>\n<p><a href=\"http:\/\/mediocudeyo.es\/web\/wp-content\/uploads\/2019\/04\/impreso-solicitud-2.pdf\">Descarga aqu\u00ed el impreso de solicitud.<\/a><\/p>\n<p>&nbsp;<\/p>\n<p>&nbsp;<\/p>\n","protected":false},"excerpt":{"rendered":"<p>Periodo de inscripciones desde el martes d\u00eda\u00a0 2\u00a0 al viernes d\u00eda 12 de abril en el PIM del Centro Cultural Ram\u00f3n Pelayo. Descarga aqu\u00ed el impreso de solicitud. &nbsp; &nbsp;<\/p>\n","protected":false},"author":4,"featured_media":0,"comment_status":"closed","ping_status":"closed","sticky":false,"template":"","format":"standard","meta":{"footnotes":""},"categories":[59],"tags":[58,109,118],"class_list":["post-5809","post","type-post","status-publish","format-standard","hentry","category-cultura","tag-centro-cultural-ramon-pelayo","tag-conciliacion","tag-cursos-y-talleres"],"_links":{"self":[{"href":"https:\/\/mediocudeyo.es\/web\/wp-json\/wp\/v2\/posts\/5809"}],"collection":[{"href":"https:\/\/mediocudeyo.es\/web\/wp-json\/wp\/v2\/posts"}],"about":[{"href":"https:\/\/mediocudeyo.es\/web\/wp-json\/wp\/v2\/types\/post"}],"author":[{"embeddable":true,"href":"https:\/\/mediocudeyo.es\/web\/wp-json\/wp\/v2\/users\/4"}],"replies":[{"embeddable":true,"href":"https:\/\/mediocudeyo.es\/web\/wp-json\/wp\/v2\/comments?post=5809"}],"version-history":[{"count":0,"href":"https:\/\/mediocudeyo.es\/web\/wp-json\/wp\/v2\/posts\/5809\/revisions"}],"wp:attachment":[{"href":"https:\/\/mediocudeyo.es\/web\/wp-json\/wp\/v2\/media?parent=5809"}],"wp:term":[{"taxonomy":"category","embeddable":true,"href":"https:\/\/mediocudeyo.es\/web\/wp-json\/wp\/v2\/categories?post=5809"},{"taxonomy":"post_tag","embeddable":true,"href":"https:\/\/mediocudeyo.es\/web\/wp-json\/wp\/v2\/tags?post=5809"}],"curies":[{"name":"wp","href":"https:\/\/api.w.org\/{rel}","templated":true}]}}