{"id":5969,"date":"2019-04-17T09:42:04","date_gmt":"2019-04-17T08:42:04","guid":{"rendered":"http:\/\/mediocudeyo.es\/web\/?p=5969"},"modified":"2019-04-17T09:42:04","modified_gmt":"2019-04-17T08:42:04","slug":"juventud-al-dia-dia-mundial-contra-el-acoso-escolar","status":"publish","type":"post","link":"https:\/\/mediocudeyo.es\/web\/juventud-al-dia-dia-mundial-contra-el-acoso-escolar\/","title":{"rendered":"JUVENTUD AL D\u00cdA. D\u00cdA MUNDIAL CONTRA EL ACOSO ESCOLAR"},"content":{"rendered":"<p><img fetchpriority=\"high\" decoding=\"async\" class=\"alignnone size-large wp-image-5971\" src=\"http:\/\/mediocudeyo.es\/web\/wp-content\/uploads\/2019\/04\/Quedada-videojuegos.-2-mayo-1024x727.jpg\" alt=\"\" width=\"474\" height=\"337\" \/><\/p>\n<p>El pr\u00f3ximo\u00a0d\u00eda\u00a02 de mayo se celebra el d\u00eda mundial contra el acoso escolar, y desde la Direcci\u00f3n General de Juventud y Cooperaci\u00f3n al desarrollo del Gobierno de Cantabria, y en colaboraci\u00f3n con la Red de Oficinas de Informaci\u00f3n Juvenil , se ha preparado una gran quedada para jugar a nuestro juego <strong>EL DESAF\u00cdO DE JOTA, <\/strong>una aventura divertida en la que tendr\u00e1s la oportunidad de actuar contra el acoso escolar.<\/p>\n<p>La cita en nuestro municipio ( Medio Cudeyo )\u00a0es el d\u00eda 2 de mayo a las 18:30 en el Centro Cultural Ram\u00f3n Pelayo ( Solares).<\/p>\n<p>El juego es de descarga gratuita.<\/p>\n<p>Es necesario que los participantes\u00a0lleven su m\u00f3vil o tablet para poder jugar.<\/p>\n","protected":false},"excerpt":{"rendered":"<p>El pr\u00f3ximo\u00a0d\u00eda\u00a02 de mayo se celebra el d\u00eda mundial contra el acoso escolar, y desde la Direcci\u00f3n General de Juventud y Cooperaci\u00f3n al desarrollo del Gobierno de Cantabria, y en [&hellip;]<\/p>\n","protected":false},"author":4,"featured_media":0,"comment_status":"closed","ping_status":"closed","sticky":false,"template":"","format":"standard","meta":{"footnotes":""},"categories":[59],"tags":[113,58,274],"class_list":["post-5969","post","type-post","status-publish","format-standard","hentry","category-cultura","tag-juventud","tag-centro-cultural-ramon-pelayo","tag-videojuegos"],"_links":{"self":[{"href":"https:\/\/mediocudeyo.es\/web\/wp-json\/wp\/v2\/posts\/5969"}],"collection":[{"href":"https:\/\/mediocudeyo.es\/web\/wp-json\/wp\/v2\/posts"}],"about":[{"href":"https:\/\/mediocudeyo.es\/web\/wp-json\/wp\/v2\/types\/post"}],"author":[{"embeddable":true,"href":"https:\/\/mediocudeyo.es\/web\/wp-json\/wp\/v2\/users\/4"}],"replies":[{"embeddable":true,"href":"https:\/\/mediocudeyo.es\/web\/wp-json\/wp\/v2\/comments?post=5969"}],"version-history":[{"count":0,"href":"https:\/\/mediocudeyo.es\/web\/wp-json\/wp\/v2\/posts\/5969\/revisions"}],"wp:attachment":[{"href":"https:\/\/mediocudeyo.es\/web\/wp-json\/wp\/v2\/media?parent=5969"}],"wp:term":[{"taxonomy":"category","embeddable":true,"href":"https:\/\/mediocudeyo.es\/web\/wp-json\/wp\/v2\/categories?post=5969"},{"taxonomy":"post_tag","embeddable":true,"href":"https:\/\/mediocudeyo.es\/web\/wp-json\/wp\/v2\/tags?post=5969"}],"curies":[{"name":"wp","href":"https:\/\/api.w.org\/{rel}","templated":true}]}}