{"id":597,"date":"2016-10-18T15:20:00","date_gmt":"2016-10-18T14:20:00","guid":{"rendered":"http:\/\/mediocudeyo.es\/web\/?p=597"},"modified":"2016-10-18T15:20:00","modified_gmt":"2016-10-18T14:20:00","slug":"foro-de-participacion-ciudadana","status":"publish","type":"post","link":"https:\/\/mediocudeyo.es\/web\/foro-de-participacion-ciudadana\/","title":{"rendered":"Foro de Participaci\u00f3n Ciudadana"},"content":{"rendered":"<p>El pr\u00f3ximo viernes 28 de octubre a las 18:00h en el Centro Cultural Ram\u00f3n Pelayo se celebrar\u00e1 un nuevo encuentro de la ciudadan\u00eda con los representantes locales para la puesta en com\u00fan de los temas que preocupan, para solucionar dudas o plantear sugerencias.<\/p>\n<p>La entrada ser\u00e1 libre para todos las personas interesadas.<img fetchpriority=\"high\" decoding=\"async\" class=\"alignnone size-full wp-image-598\" src=\"http:\/\/mediocudeyo.es\/web\/wp-content\/uploads\/2016\/10\/Participaci\u00f3n-ciudadana.jpg\" alt=\"participacion-ciudadana\" width=\"880\" height=\"470\" \/><\/p>\n","protected":false},"excerpt":{"rendered":"<p>El pr\u00f3ximo viernes 28 de octubre a las 18:00h en el Centro Cultural Ram\u00f3n Pelayo se celebrar\u00e1 un nuevo encuentro de la ciudadan\u00eda con los representantes locales para la puesta [&hellip;]<\/p>\n","protected":false},"author":4,"featured_media":0,"comment_status":"closed","ping_status":"closed","sticky":false,"template":"","format":"standard","meta":{"footnotes":""},"categories":[111],"tags":[],"class_list":["post-597","post","type-post","status-publish","format-standard","hentry","category-ciudadano"],"_links":{"self":[{"href":"https:\/\/mediocudeyo.es\/web\/wp-json\/wp\/v2\/posts\/597"}],"collection":[{"href":"https:\/\/mediocudeyo.es\/web\/wp-json\/wp\/v2\/posts"}],"about":[{"href":"https:\/\/mediocudeyo.es\/web\/wp-json\/wp\/v2\/types\/post"}],"author":[{"embeddable":true,"href":"https:\/\/mediocudeyo.es\/web\/wp-json\/wp\/v2\/users\/4"}],"replies":[{"embeddable":true,"href":"https:\/\/mediocudeyo.es\/web\/wp-json\/wp\/v2\/comments?post=597"}],"version-history":[{"count":0,"href":"https:\/\/mediocudeyo.es\/web\/wp-json\/wp\/v2\/posts\/597\/revisions"}],"wp:attachment":[{"href":"https:\/\/mediocudeyo.es\/web\/wp-json\/wp\/v2\/media?parent=597"}],"wp:term":[{"taxonomy":"category","embeddable":true,"href":"https:\/\/mediocudeyo.es\/web\/wp-json\/wp\/v2\/categories?post=597"},{"taxonomy":"post_tag","embeddable":true,"href":"https:\/\/mediocudeyo.es\/web\/wp-json\/wp\/v2\/tags?post=597"}],"curies":[{"name":"wp","href":"https:\/\/api.w.org\/{rel}","templated":true}]}}