{"id":5975,"date":"2019-04-17T10:28:16","date_gmt":"2019-04-17T09:28:16","guid":{"rendered":"http:\/\/mediocudeyo.es\/web\/?p=5975"},"modified":"2019-04-17T10:28:16","modified_gmt":"2019-04-17T09:28:16","slug":"filmoteca-el-viaje-de-nisha","status":"publish","type":"post","link":"https:\/\/mediocudeyo.es\/web\/filmoteca-el-viaje-de-nisha\/","title":{"rendered":"FILMOTECA : EL VIAJE DE NISHA"},"content":{"rendered":"<p><img fetchpriority=\"high\" decoding=\"async\" class=\"alignnone size-large wp-image-5976\" src=\"http:\/\/mediocudeyo.es\/web\/wp-content\/uploads\/2019\/04\/El_viaje_de_Nisha-201786242-large-690x1024.jpg\" alt=\"\" width=\"474\" height=\"703\" \/><\/p>\n<p>Lunes\u00a022 de abril, 20:30 h.<\/p>\n<p>Centro Cultural Ram\u00f3n Pelayo (Solares)<\/p>\n<p>Precio \u00fanico: 2.50\u20ac<\/p>\n<p><!--more--><\/p>\n<p>Versi\u00f3n original subtitulada.<\/p>\n<p><strong>T\u00edtulo original<\/strong>\u00a0: Hva vil folk si<\/p>\n<p><strong>Calificaci\u00f3n<\/strong>\u00a0: NO RECOMENDADA PARA MENORES DE DIECIS\u00c9IS A\u00d1OS<\/p>\n<p><strong>A\u00f1o<\/strong>\u00a0: 2017<\/p>\n<p><strong>Duraci\u00f3n<\/strong>\u00a0:\u00a0106 min.<\/p>\n<p><strong>Pa\u00eds<\/strong>\u00a0:\u00a0 <img decoding=\"async\" title=\"Noruega\" src=\"https:\/\/www.filmaffinity.com\/imgs\/countries\/NO.jpg\" alt=\"Noruega\" \/>\u00a0Noruega<\/p>\n<p><strong>Direcci\u00f3n<\/strong>\u00a0:\u00a0<span class=\"nb\">Iram Haq<\/span><\/p>\n<p><strong>Gui\u00f3n<\/strong>\u00a0: <span class=\"nb\">Iram Haq<\/span><\/p>\n<p><strong>M\u00fasica<\/strong>\u00a0: <span class=\"nb\">Lorenz Dangel,<\/span> <span class=\"nb\">Martin Pedersen<\/span><\/p>\n<p><strong>Fotograf\u00eda<\/strong>\u00a0: <span class=\"nb\">Nadim Carlsen<\/span><\/p>\n<p><strong>Productora<\/strong>\u00a0: <span class=\"nb\">Coproducci\u00f3n Noruega-Alemania-Suecia; Mer Film \/ Rohfilm Factory GmbH \/ Zentropa International Sweden \/ Film I V\u00e4st \/ Snowglobe Films<\/span><\/p>\n<p><strong>Reparto<\/strong>\u00a0:<span class=\"cast\"> Maria Mozhdah, <\/span> <span class=\"cast\"> Adil Hussain, <\/span> <span class=\"cast\"> Ekavali Khanna, <\/span> <span class=\"cast\"> Rohit Saraf, <\/span> <span class=\"cast\"> Ali Arfan, <\/span> <span class=\"cast\"> Sheeba Chaddha, <\/span> <span class=\"cast\"> Jannat Zubair Rahmani, <\/span> <span class=\"cast\"> Lalit Parimoo, <\/span> <span class=\"cast\"> Nokokure Dahl, <\/span> <span class=\"cast\"> Isak Lie Harr <\/span><span class=\"cast\"><br \/>\n<\/span><\/p>\n<p><strong>G\u00e9nero<\/strong>\u00a0: Drama<\/p>\n<p><strong>Sinopsis<\/strong>\u00a0: Nisha, una chica de 16 a\u00f1os, vive en Noruega una doble vida. En casa es la perfecta hija paquistan\u00ed, pero cuando sale con sus amigos se convierte en una chica occidental, acorde con la sociedad en que vive. Cuando su padre la pilla con su novio en su habitaci\u00f3n, sus dos mundos chocan. Para darle una lecci\u00f3n, sus padres deciden mandarla a Paquist\u00e1n, donde tendr\u00e1 que adaptarse a aquella sociedad.<\/p>\n<p><a href=\"https:\/\/www.youtube.com\/watch?v=f4GbHFWyKuE\" data-rel=\"lightbox-video-0\">TRAILER V.O.SUBTITULADO<\/a><\/p>\n<p>&nbsp;<\/p>\n","protected":false},"excerpt":{"rendered":"<p>Lunes\u00a022 de abril, 20:30 h. Centro Cultural Ram\u00f3n Pelayo (Solares) Precio \u00fanico: 2.50\u20ac<\/p>\n","protected":false},"author":4,"featured_media":0,"comment_status":"closed","ping_status":"closed","sticky":false,"template":"","format":"standard","meta":{"footnotes":""},"categories":[59],"tags":[58,116,117],"class_list":["post-5975","post","type-post","status-publish","format-standard","hentry","category-cultura","tag-centro-cultural-ramon-pelayo","tag-cine","tag-filmoteca"],"_links":{"self":[{"href":"https:\/\/mediocudeyo.es\/web\/wp-json\/wp\/v2\/posts\/5975"}],"collection":[{"href":"https:\/\/mediocudeyo.es\/web\/wp-json\/wp\/v2\/posts"}],"about":[{"href":"https:\/\/mediocudeyo.es\/web\/wp-json\/wp\/v2\/types\/post"}],"author":[{"embeddable":true,"href":"https:\/\/mediocudeyo.es\/web\/wp-json\/wp\/v2\/users\/4"}],"replies":[{"embeddable":true,"href":"https:\/\/mediocudeyo.es\/web\/wp-json\/wp\/v2\/comments?post=5975"}],"version-history":[{"count":0,"href":"https:\/\/mediocudeyo.es\/web\/wp-json\/wp\/v2\/posts\/5975\/revisions"}],"wp:attachment":[{"href":"https:\/\/mediocudeyo.es\/web\/wp-json\/wp\/v2\/media?parent=5975"}],"wp:term":[{"taxonomy":"category","embeddable":true,"href":"https:\/\/mediocudeyo.es\/web\/wp-json\/wp\/v2\/categories?post=5975"},{"taxonomy":"post_tag","embeddable":true,"href":"https:\/\/mediocudeyo.es\/web\/wp-json\/wp\/v2\/tags?post=5975"}],"curies":[{"name":"wp","href":"https:\/\/api.w.org\/{rel}","templated":true}]}}