{"id":5982,"date":"2019-04-23T08:09:45","date_gmt":"2019-04-23T07:09:45","guid":{"rendered":"http:\/\/mediocudeyo.es\/web\/?p=5982"},"modified":"2019-04-23T08:09:45","modified_gmt":"2019-04-23T07:09:45","slug":"filmoteca-climax","status":"publish","type":"post","link":"https:\/\/mediocudeyo.es\/web\/filmoteca-climax\/","title":{"rendered":"FILMOTECA : CLIMAX"},"content":{"rendered":"<p><img fetchpriority=\"high\" decoding=\"async\" class=\"alignnone size-large wp-image-5983\" src=\"http:\/\/mediocudeyo.es\/web\/wp-content\/uploads\/2019\/04\/Climax-532520063-large-753x1024.jpg\" alt=\"\" width=\"474\" height=\"645\" \/><\/p>\n<p>Lunes\u00a029 de abril, 20:30 h.<\/p>\n<p>Centro Cultural Ram\u00f3n Pelayo (Solares)<\/p>\n<p>Precio \u00fanico: 2.50\u20ac<\/p>\n<p><!--more--><\/p>\n<p>Versi\u00f3n original subtitulada.<\/p>\n<p><strong>T\u00edtulo original<\/strong>\u00a0: Climax<\/p>\n<p><strong>Calificaci\u00f3n<\/strong> : NO RECOMENDADA PARA MENORES DE DIECIOCHO A\u00d1OS<\/p>\n<p><strong>A\u00f1o<\/strong>\u00a0: 2018<\/p>\n<p><strong>Duraci\u00f3n<\/strong>\u00a0: 95 min.<\/p>\n<p><strong>Pa\u00eds<\/strong>\u00a0:\u00a0\u00a0<span id=\"country-img\"><img decoding=\"async\" title=\"Francia\" src=\"https:\/\/www.filmaffinity.com\/imgs\/countries\/FR.jpg\" alt=\"Francia\" \/><\/span>\u00a0Francia<\/p>\n<p><strong>Direcci\u00f3n<\/strong>\u00a0:\u00a0<span class=\"nb\">Gaspar No\u00e9<\/span><\/p>\n<p><strong>Gui\u00f3n<\/strong>\u00a0:\u00a0<span class=\"nb\">Gaspar No\u00e9<\/span><\/p>\n<p><strong>M\u00fasica<\/strong>\u00a0: <span class=\"nb\">Varios<\/span><\/p>\n<p><strong>Fotograf\u00eda<\/strong>\u00a0:\u00a0<span class=\"nb\">Beno\u00eet Debie<\/span><\/p>\n<p><strong>Productora<\/strong>\u00a0: Arte France Cin\u00e9ma \/ Rectangle Productions \/ Wild Bunch<\/p>\n<p><strong>Reparto<\/strong>\u00a0:<span class=\"cast\"> Sofia Boutella,\u00a0Romain Guillermic,\u00a0Souheila Yacoub,\u00a0Kiddy Smile,Claude Gajan Maull,\u00a0Giselle Palmer,\u00a0Taylor Kastle,\u00a0Thea Carla Schott,Sharleen Temple,\u00a0Lea Vlamos,\u00a0Alaia Alsafir,\u00a0Kendall Mugler,\u00a0Lakdhar Dridi,Adrien Sissoko,\u00a0Mamadou Bathily<\/span><span class=\"cast\"><br \/>\n<\/span><\/p>\n<p><strong>G\u00e9nero<\/strong>\u00a0: Thriller.\u00a0Drama\u00a0|\u00a0Baile.\u00a0Drogas.\u00a0Thriller psicol\u00f3gico.\u00a0A\u00f1os 90<\/p>\n<p><strong>Sinopsis<\/strong>\u00a0: A mediados de los a\u00f1os noventa, veinte j\u00f3venes bailarines de danza urbana que se hab\u00edan reunido para unas jornadas de tres d\u00edas de ensayos en un internado en desuso situado en el coraz\u00f3n de un bosque, hacen su \u00faltimo baile com\u00fan y luego festejan una \u00faltima fiesta de celebraci\u00f3n alrededor de una gran fuente de sangr\u00eda. Pronto, la atm\u00f3sfera se vuelve el\u00e9ctrica y una extra\u00f1a locura los atrapar\u00e1 toda la noche. Les parece obvio que han sido drogados, pero no saben por qui\u00e9n o por qu\u00e9.<\/p>\n<p><a href=\"https:\/\/www.youtube.com\/watch?v=n-4_2wQBbRM\" data-rel=\"lightbox-video-0\">TRAILER V.O.SUBTITULADO<\/a><\/p>\n","protected":false},"excerpt":{"rendered":"<p>Lunes\u00a029 de abril, 20:30 h. Centro Cultural Ram\u00f3n Pelayo (Solares) Precio \u00fanico: 2.50\u20ac<\/p>\n","protected":false},"author":4,"featured_media":0,"comment_status":"closed","ping_status":"closed","sticky":false,"template":"","format":"standard","meta":{"footnotes":""},"categories":[59],"tags":[58,116,117],"class_list":["post-5982","post","type-post","status-publish","format-standard","hentry","category-cultura","tag-centro-cultural-ramon-pelayo","tag-cine","tag-filmoteca"],"_links":{"self":[{"href":"https:\/\/mediocudeyo.es\/web\/wp-json\/wp\/v2\/posts\/5982"}],"collection":[{"href":"https:\/\/mediocudeyo.es\/web\/wp-json\/wp\/v2\/posts"}],"about":[{"href":"https:\/\/mediocudeyo.es\/web\/wp-json\/wp\/v2\/types\/post"}],"author":[{"embeddable":true,"href":"https:\/\/mediocudeyo.es\/web\/wp-json\/wp\/v2\/users\/4"}],"replies":[{"embeddable":true,"href":"https:\/\/mediocudeyo.es\/web\/wp-json\/wp\/v2\/comments?post=5982"}],"version-history":[{"count":0,"href":"https:\/\/mediocudeyo.es\/web\/wp-json\/wp\/v2\/posts\/5982\/revisions"}],"wp:attachment":[{"href":"https:\/\/mediocudeyo.es\/web\/wp-json\/wp\/v2\/media?parent=5982"}],"wp:term":[{"taxonomy":"category","embeddable":true,"href":"https:\/\/mediocudeyo.es\/web\/wp-json\/wp\/v2\/categories?post=5982"},{"taxonomy":"post_tag","embeddable":true,"href":"https:\/\/mediocudeyo.es\/web\/wp-json\/wp\/v2\/tags?post=5982"}],"curies":[{"name":"wp","href":"https:\/\/api.w.org\/{rel}","templated":true}]}}