{"id":5987,"date":"2019-04-23T10:59:25","date_gmt":"2019-04-23T09:59:25","guid":{"rendered":"http:\/\/mediocudeyo.es\/web\/?p=5987"},"modified":"2019-04-23T10:59:25","modified_gmt":"2019-04-23T09:59:25","slug":"eventos-conmemoracion-dia-del-libro","status":"publish","type":"post","link":"https:\/\/mediocudeyo.es\/web\/eventos-conmemoracion-dia-del-libro\/","title":{"rendered":"EVENTOS CONMEMORACI\u00d3N D\u00cdA DEL LIBRO"},"content":{"rendered":"<p><img fetchpriority=\"high\" decoding=\"async\" class=\"alignnone size-large wp-image-5954\" src=\"http:\/\/mediocudeyo.es\/web\/wp-content\/uploads\/2019\/04\/Abril-del-libro.-DIPTICO-Frontal-1024x791.jpg\" alt=\"\" width=\"474\" height=\"366\" \/><\/p>\n<p><img decoding=\"async\" class=\"alignnone size-large wp-image-5955\" src=\"http:\/\/mediocudeyo.es\/web\/wp-content\/uploads\/2019\/04\/Abril-del-libro.-DIPTICO-Programaci\u00f3n-1024x791.jpg\" alt=\"\" width=\"474\" height=\"366\" \/><\/p>\n<p>Con motivo de la celebraci\u00f3n de la <em>Feria del libro medio Cudeyo 2019,<\/em> hemos preparado varios eventos,\u00a0 hoy d\u00eda 23 de abril os proponemos los siguientes:<\/p>\n<p><!--more--><\/p>\n<p><strong><span style=\"color: #000000;\">POES\u00cdA EN LA CALLE<\/span> <\/strong><\/p>\n<p>Todo Medio Cudeyo estar\u00e1 salpicado de poes\u00eda, versos que nos hablar\u00e1n de amor, de sue\u00f1os\u2026 Si encuentras al menos 10 versos, te llevas el poemario con todos ellos<\/p>\n<p><img decoding=\"async\" class=\"alignnone size-large wp-image-5989\" src=\"http:\/\/mediocudeyo.es\/web\/wp-content\/uploads\/2019\/04\/039c8ae3-fa04-4a83-8017-d00b01b70351-1024x768.jpg\" alt=\"\" width=\"474\" height=\"356\" \/><\/p>\n<p>&nbsp;<\/p>\n<p><strong>CITA A CIEGAS<\/strong><\/p>\n<p>En la biblioteca del Centro Cultural Ram\u00f3n Pelayo estamos llevando\u00a0 a cabo una iniciativa llamada\u00a0 \u00bb Cita a ciegas \u00ab.<\/p>\n<p>Hay dos stands con libros envueltos\u00a0 para todos los p\u00fablicos, narrativa adultos, juveniles e infantiles, en los que no se sabr\u00e1 cual est\u00e1 dentro, solo hay una peque\u00f1a pista en el envoltorio.<\/p>\n<p>Elige uno, y ll\u00e9vatelo a casa para leer.<\/p>\n<p>\u00bfQu\u00e9 libro es tu media naranja? \u00a1\u00e1brelo y disfruta<\/p>\n<p><img loading=\"lazy\" decoding=\"async\" class=\"alignnone size-large wp-image-5990\" src=\"http:\/\/mediocudeyo.es\/web\/wp-content\/uploads\/2019\/04\/IMG-20190423-WA0000-1024x768.jpg\" alt=\"\" width=\"474\" height=\"356\" \/><\/p>\n<p>&nbsp;<\/p>\n<p><strong>GYMKANA FAMILIAR \u00bb DALE LA VUELTA AL LIBRO \u00ab<\/strong><\/p>\n<p>Os recordamos que esta tarde a las 17:30, en el Centro Cultural Ram\u00f3n Pelayo, tendr\u00e1 lugar una Gymkana familiar, donde los m\u00e1s peque\u00f1os celebrar\u00e1n el d\u00eda del libro.<\/p>\n<p>Los juegos de gymkanas son perfectos para la integraci\u00f3n de los grupos, fomentando la convivencia, el crecimiento, el encuentro y el aprendizaje.<\/p>\n<p>Se formar\u00e1n tres equipos que tendr\u00e1n que ir resolviendo enigmas con las pistas que os iremos dando en varios puntos del Centro Cultural , haciendo un recorrido por dist<span class=\"text_exposed_show\">intos temas y autores , desde Roal Dahl a cl\u00e1sicos como Las Mil y Una Noches.<\/span><\/p>\n<p><span class=\"text_exposed_show\"><br \/>\nFinalizaremos la gymkana familiar contando tres cuentos para todos los participantes.<\/span><\/p>\n<p><span class=\"text_exposed_show\"><br \/>\nInscr\u00edbete en el Punto de Informaci\u00f3n Municipal, y en el tel\u00e9fono 942 52 26 85<br \/>\nOs esperamos!<\/span><\/p>\n<p>&nbsp;<\/p>\n<p>&nbsp;<\/p>\n","protected":false},"excerpt":{"rendered":"<p>Con motivo de la celebraci\u00f3n de la Feria del libro medio Cudeyo 2019, hemos preparado varios eventos,\u00a0 hoy d\u00eda 23 de abril os proponemos los siguientes:<\/p>\n","protected":false},"author":4,"featured_media":0,"comment_status":"closed","ping_status":"closed","sticky":false,"template":"","format":"standard","meta":{"footnotes":""},"categories":[59],"tags":[84,58,192,149,64],"class_list":["post-5987","post","type-post","status-publish","format-standard","hentry","category-cultura","tag-biblioteca","tag-centro-cultural-ramon-pelayo","tag-familiar","tag-feria-del-libro","tag-infantil"],"_links":{"self":[{"href":"https:\/\/mediocudeyo.es\/web\/wp-json\/wp\/v2\/posts\/5987"}],"collection":[{"href":"https:\/\/mediocudeyo.es\/web\/wp-json\/wp\/v2\/posts"}],"about":[{"href":"https:\/\/mediocudeyo.es\/web\/wp-json\/wp\/v2\/types\/post"}],"author":[{"embeddable":true,"href":"https:\/\/mediocudeyo.es\/web\/wp-json\/wp\/v2\/users\/4"}],"replies":[{"embeddable":true,"href":"https:\/\/mediocudeyo.es\/web\/wp-json\/wp\/v2\/comments?post=5987"}],"version-history":[{"count":0,"href":"https:\/\/mediocudeyo.es\/web\/wp-json\/wp\/v2\/posts\/5987\/revisions"}],"wp:attachment":[{"href":"https:\/\/mediocudeyo.es\/web\/wp-json\/wp\/v2\/media?parent=5987"}],"wp:term":[{"taxonomy":"category","embeddable":true,"href":"https:\/\/mediocudeyo.es\/web\/wp-json\/wp\/v2\/categories?post=5987"},{"taxonomy":"post_tag","embeddable":true,"href":"https:\/\/mediocudeyo.es\/web\/wp-json\/wp\/v2\/tags?post=5987"}],"curies":[{"name":"wp","href":"https:\/\/api.w.org\/{rel}","templated":true}]}}