{"id":6005,"date":"2019-04-24T10:01:54","date_gmt":"2019-04-24T09:01:54","guid":{"rendered":"http:\/\/mediocudeyo.es\/web\/?p=6005"},"modified":"2019-04-24T10:01:54","modified_gmt":"2019-04-24T09:01:54","slug":"concierto-paolo-latronica","status":"publish","type":"post","link":"https:\/\/mediocudeyo.es\/web\/concierto-paolo-latronica\/","title":{"rendered":"CONCIERTO : PAOLO LATR\u00d3NICA"},"content":{"rendered":"<p><img fetchpriority=\"high\" decoding=\"async\" class=\"alignnone size-full wp-image-6006\" src=\"http:\/\/mediocudeyo.es\/web\/wp-content\/uploads\/2019\/04\/PAOLO-LATR\u00d3NICA.-Cartel-Individual.-JPG.jpg\" alt=\"\" width=\"453\" height=\"640\" \/><\/p>\n<p>El pr\u00f3ximo viernes 3 de mayo a las 20:30h , dentro del ciclo Fusi\u00f3nArte, llega una nueva propuesta, esta vez , de la mano del m\u00fasico uruguayo Paolo Latr\u00f3nica.<\/p>\n<p>Paolo Latr\u00f3nica presenta su cuarto trabajo solista \u00bb Ombres de Madera \u00ab, con una amalgama de ritmos uruguayos y espa\u00f1oles con la mixtura del pop y del rock.<\/p>\n<p><!--more--><\/p>\n<p>\u00abCuando pare la lluvia y salga el sol seremos hombres de madera o mu\u00f1ecos de nieve.<\/p>\n<p>\u00bfD\u00f3nde est\u00e1 el Hombre de Madera? \u00bfCon qu\u00e9 canci\u00f3n llamamos al Hombre de Madera necesario? \u00bfQueremos volver a ver al Hombre de Madera perdido?<\/p>\n<p>\u00bfLo hemos encarcelado en un trabajo, en una afici\u00f3n o en una persona o en una jaula de privilegios? \u00bfQui\u00e9n desata el estado m\u00e1s salvaje y puro del Hombre de Madera? \u201c<\/p>\n<p>La madera es un material c\u00e1lido, noble, natural, material de construcci\u00f3n duro y estable, pero a la vez permeable al exterior, poroso y tierno, capaz de construir puentes hacia los y las otras. Por otro lado el mu\u00f1eco de nieve se derrite a los 3 d\u00edas si sale el sol, es un juguete pasajero, un artilugio l\u00fadico que est\u00e1 destinado a ser eternamente infantil, a no madurar.<\/p>\n<p>En el disco encontramos confesiones , reflexiones, sentimientos, se habla del exilio del propio m\u00fasico y el\u00a0 de sus allegados, del estado de \u00e1nimo frente al deterioro de las relaciones humanas.<\/p>\n<p>La banda base del disco est\u00e1 integrada por Dani Simons ( bajo y contrabajo), Natxo Miralles (percusi\u00f3n, bater\u00eda), Luis Miralles(\u00a0 bombo leg\u00fcero) Javier Botanz (artilugios de madera), Javier Garc\u00eda Escudero ( banjo, guitarras, cucharasy teclados, Marcelo Veliz ( tromb\u00f3n), David de Llera ( piano), y Jos\u00e9 Luis Picuasi ( charango).<\/p>\n<p>Servicio de reserva de entradas:<\/p>\n<p>Las entradas ya las puedes conseguir a un precio de tres euros en el Punto de Informaci\u00f3n Municipal y tambi\u00e9n reservarlas a trav\u00e9s del tel\u00e9fono 942522685.<\/p>\n<p>Las entradas reservadas permanecer\u00e1n activas hasta 15 minutos antes del inicio del espect\u00e1culo, tras ese tiempo estar\u00e1n de nuevo disponibles al p\u00fablico.<\/p>\n<p>Bono fidelidad FusionARTE:<\/p>\n<p>Si vienes a cuatro eventos, te invitamos al quinto.<\/p>\n<p>Transcurridos cinco minutos del inicio del espect\u00e1culo, no se podr\u00e1 acceder a la sala.<\/p>\n","protected":false},"excerpt":{"rendered":"<p>El pr\u00f3ximo viernes 3 de mayo a las 20:30h , dentro del ciclo Fusi\u00f3nArte, llega una nueva propuesta, esta vez , de la mano del m\u00fasico uruguayo Paolo Latr\u00f3nica. Paolo [&hellip;]<\/p>\n","protected":false},"author":4,"featured_media":0,"comment_status":"closed","ping_status":"closed","sticky":false,"template":"","format":"standard","meta":{"footnotes":""},"categories":[59],"tags":[58,90,82],"class_list":["post-6005","post","type-post","status-publish","format-standard","hentry","category-cultura","tag-centro-cultural-ramon-pelayo","tag-concierto","tag-fusionarte"],"_links":{"self":[{"href":"https:\/\/mediocudeyo.es\/web\/wp-json\/wp\/v2\/posts\/6005"}],"collection":[{"href":"https:\/\/mediocudeyo.es\/web\/wp-json\/wp\/v2\/posts"}],"about":[{"href":"https:\/\/mediocudeyo.es\/web\/wp-json\/wp\/v2\/types\/post"}],"author":[{"embeddable":true,"href":"https:\/\/mediocudeyo.es\/web\/wp-json\/wp\/v2\/users\/4"}],"replies":[{"embeddable":true,"href":"https:\/\/mediocudeyo.es\/web\/wp-json\/wp\/v2\/comments?post=6005"}],"version-history":[{"count":0,"href":"https:\/\/mediocudeyo.es\/web\/wp-json\/wp\/v2\/posts\/6005\/revisions"}],"wp:attachment":[{"href":"https:\/\/mediocudeyo.es\/web\/wp-json\/wp\/v2\/media?parent=6005"}],"wp:term":[{"taxonomy":"category","embeddable":true,"href":"https:\/\/mediocudeyo.es\/web\/wp-json\/wp\/v2\/categories?post=6005"},{"taxonomy":"post_tag","embeddable":true,"href":"https:\/\/mediocudeyo.es\/web\/wp-json\/wp\/v2\/tags?post=6005"}],"curies":[{"name":"wp","href":"https:\/\/api.w.org\/{rel}","templated":true}]}}