{"id":6023,"date":"2019-04-24T12:49:26","date_gmt":"2019-04-24T11:49:26","guid":{"rendered":"http:\/\/mediocudeyo.es\/web\/?p=6023"},"modified":"2019-04-24T12:49:26","modified_gmt":"2019-04-24T11:49:26","slug":"mercadillo-de-libros","status":"publish","type":"post","link":"https:\/\/mediocudeyo.es\/web\/mercadillo-de-libros\/","title":{"rendered":"MERCADILLO DE LIBROS"},"content":{"rendered":"<p><img fetchpriority=\"high\" decoding=\"async\" class=\"alignnone size-large wp-image-5954\" src=\"http:\/\/mediocudeyo.es\/web\/wp-content\/uploads\/2019\/04\/Abril-del-libro.-DIPTICO-Frontal-1024x791.jpg\" alt=\"\" width=\"474\" height=\"366\" \/><\/p>\n<p>Del 30 de abril al 10 de mayo en la biblioteca del Centro Cultural Ram\u00f3n Pelayo ( Solares) encontrar\u00e1s gran variedad de libros al precio simb\u00f3lico de 2 \u20ac, para ti o para regalar.<\/p>\n<p>Tambi\u00e9n disponemos de una mesa de trueque :trae uno que tengas en casa y c\u00e1mbialo por otro que quieras leer.<\/p>\n<p>Te esperamos!<\/p>\n","protected":false},"excerpt":{"rendered":"<p>Del 30 de abril al 10 de mayo en la biblioteca del Centro Cultural Ram\u00f3n Pelayo ( Solares) encontrar\u00e1s gran variedad de libros al precio simb\u00f3lico de 2 \u20ac, para [&hellip;]<\/p>\n","protected":false},"author":4,"featured_media":0,"comment_status":"closed","ping_status":"closed","sticky":false,"template":"","format":"standard","meta":{"footnotes":""},"categories":[59],"tags":[84,58,149,60],"class_list":["post-6023","post","type-post","status-publish","format-standard","hentry","category-cultura","tag-biblioteca","tag-centro-cultural-ramon-pelayo","tag-feria-del-libro","tag-medio-cudeyo"],"_links":{"self":[{"href":"https:\/\/mediocudeyo.es\/web\/wp-json\/wp\/v2\/posts\/6023"}],"collection":[{"href":"https:\/\/mediocudeyo.es\/web\/wp-json\/wp\/v2\/posts"}],"about":[{"href":"https:\/\/mediocudeyo.es\/web\/wp-json\/wp\/v2\/types\/post"}],"author":[{"embeddable":true,"href":"https:\/\/mediocudeyo.es\/web\/wp-json\/wp\/v2\/users\/4"}],"replies":[{"embeddable":true,"href":"https:\/\/mediocudeyo.es\/web\/wp-json\/wp\/v2\/comments?post=6023"}],"version-history":[{"count":0,"href":"https:\/\/mediocudeyo.es\/web\/wp-json\/wp\/v2\/posts\/6023\/revisions"}],"wp:attachment":[{"href":"https:\/\/mediocudeyo.es\/web\/wp-json\/wp\/v2\/media?parent=6023"}],"wp:term":[{"taxonomy":"category","embeddable":true,"href":"https:\/\/mediocudeyo.es\/web\/wp-json\/wp\/v2\/categories?post=6023"},{"taxonomy":"post_tag","embeddable":true,"href":"https:\/\/mediocudeyo.es\/web\/wp-json\/wp\/v2\/tags?post=6023"}],"curies":[{"name":"wp","href":"https:\/\/api.w.org\/{rel}","templated":true}]}}