{"id":6030,"date":"2019-04-24T17:21:30","date_gmt":"2019-04-24T16:21:30","guid":{"rendered":"http:\/\/mediocudeyo.es\/web\/?p=6030"},"modified":"2019-04-24T17:21:30","modified_gmt":"2019-04-24T16:21:30","slug":"teatro-tu-y-yo-a-solas","status":"publish","type":"post","link":"https:\/\/mediocudeyo.es\/web\/teatro-tu-y-yo-a-solas\/","title":{"rendered":"TEATRO: TU Y YO A SOLAS"},"content":{"rendered":"<p><img fetchpriority=\"high\" decoding=\"async\" class=\"alignnone size-large wp-image-6031\" src=\"http:\/\/mediocudeyo.es\/web\/wp-content\/uploads\/2019\/04\/T\u00da-Y-YO-A-SOLAS.-Cartel-Individual.-JPG-724x1024.jpg\" alt=\"\" width=\"474\" height=\"670\" \/><\/p>\n<p>Viernes 17 de Mayo: 20:30h en el Centro Cultural Ram\u00f3n Pelayo.<\/p>\n<p>Ulape Teatro compa\u00f1\u00eda de reciente creaci\u00f3n, con profesionales de dilatada carrera dram\u00e1tica,\u00a0 han unido sus conocimientos, ganas e ilusi\u00f3n en este proyecto dando lugar a un espect\u00e1culo donde se unen la risa y la reflexi\u00f3n.<!--more--><\/p>\n<p><strong>\u201cTU Y YO A SOLAS\u201d,<\/strong> versi\u00f3n dulcificada de la obra <em>\u201cCinco Horas con Mario\u201d<\/em>, en la que <em>Carmen, una vez viuda, habla con su marido de todo aquello que no se atrevi\u00f3 en vida. <\/em><\/p>\n<p>Un mon\u00f3logo-di\u00e1logo\u00a0 con un toque de humor\u00a0 que no te dejar\u00e1 indiferente.<\/p>\n<p>Las entradas ya las puedes conseguir a un precio de tres euros en el Punto de Informaci\u00f3n Municipal y tambi\u00e9n reservarlas a trav\u00e9s del tel\u00e9fono 942522685.<\/p>\n<p>Servcio de reserva de entradas: Las entradas reservadas permanecer\u00e1n activas hasta 15 minutos antes del inicio del espect\u00e1culo, tras ese tiempo estar\u00e1n de nuevo disponibles al p\u00fablico.<\/p>\n<p>Bono fidelidad FusionARTE:Si vienes a cuatro eventos, te invitamos al quinto.<\/p>\n<p>Transcurridos cinco minutos del inicio del espect\u00e1culo, no se podr\u00e1 acceder a la sala.<\/p>\n","protected":false},"excerpt":{"rendered":"<p>Viernes 17 de Mayo: 20:30h en el Centro Cultural Ram\u00f3n Pelayo. Ulape Teatro compa\u00f1\u00eda de reciente creaci\u00f3n, con profesionales de dilatada carrera dram\u00e1tica,\u00a0 han unido sus conocimientos, ganas e ilusi\u00f3n [&hellip;]<\/p>\n","protected":false},"author":4,"featured_media":0,"comment_status":"closed","ping_status":"closed","sticky":false,"template":"","format":"standard","meta":{"footnotes":""},"categories":[59],"tags":[58,82,60,83],"class_list":["post-6030","post","type-post","status-publish","format-standard","hentry","category-cultura","tag-centro-cultural-ramon-pelayo","tag-fusionarte","tag-medio-cudeyo","tag-teatro"],"_links":{"self":[{"href":"https:\/\/mediocudeyo.es\/web\/wp-json\/wp\/v2\/posts\/6030"}],"collection":[{"href":"https:\/\/mediocudeyo.es\/web\/wp-json\/wp\/v2\/posts"}],"about":[{"href":"https:\/\/mediocudeyo.es\/web\/wp-json\/wp\/v2\/types\/post"}],"author":[{"embeddable":true,"href":"https:\/\/mediocudeyo.es\/web\/wp-json\/wp\/v2\/users\/4"}],"replies":[{"embeddable":true,"href":"https:\/\/mediocudeyo.es\/web\/wp-json\/wp\/v2\/comments?post=6030"}],"version-history":[{"count":0,"href":"https:\/\/mediocudeyo.es\/web\/wp-json\/wp\/v2\/posts\/6030\/revisions"}],"wp:attachment":[{"href":"https:\/\/mediocudeyo.es\/web\/wp-json\/wp\/v2\/media?parent=6030"}],"wp:term":[{"taxonomy":"category","embeddable":true,"href":"https:\/\/mediocudeyo.es\/web\/wp-json\/wp\/v2\/categories?post=6030"},{"taxonomy":"post_tag","embeddable":true,"href":"https:\/\/mediocudeyo.es\/web\/wp-json\/wp\/v2\/tags?post=6030"}],"curies":[{"name":"wp","href":"https:\/\/api.w.org\/{rel}","templated":true}]}}