{"id":6239,"date":"2019-05-14T07:44:49","date_gmt":"2019-05-14T06:44:49","guid":{"rendered":"http:\/\/mediocudeyo.es\/web\/?p=6239"},"modified":"2019-05-14T07:44:49","modified_gmt":"2019-05-14T06:44:49","slug":"filmoteca-apuntes-para-una-pelicula-de-atracos","status":"publish","type":"post","link":"https:\/\/mediocudeyo.es\/web\/filmoteca-apuntes-para-una-pelicula-de-atracos\/","title":{"rendered":"FILMOTECA: APUNTES PARA UNA PEL\u00cdCULA DE ATRACOS"},"content":{"rendered":"<p><img fetchpriority=\"high\" decoding=\"async\" class=\"alignnone size-full wp-image-6242\" src=\"http:\/\/mediocudeyo.es\/web\/wp-content\/uploads\/2019\/05\/apuntes_para_una_pelicula_de_atracos-325556309-large.jpg\" alt=\"\" width=\"480\" height=\"684\" \/><\/p>\n<p>Lunes 20 de mayo, 20:30 h.<\/p>\n<p>Centro Cultural Ram\u00f3n Pelayo (Solares)<\/p>\n<p>Precio \u00fanico: 2,50\u20ac<!--more--><\/p>\n<p>T\u00edtulo original: Apuntes para una pel\u00edcula de atracos<\/p>\n<p>A\u00f1o: 2018<\/p>\n<p>Duraci\u00f3n: 85 min.<\/p>\n<p>Pa\u00eds: <span id=\"country-img\"><img decoding=\"async\" title=\"Espa\u00f1a\" src=\"https:\/\/www.filmaffinity.com\/imgs\/countries\/ES.jpg\" alt=\"Espa\u00f1a\" \/><\/span>\u00a0Espa\u00f1a<\/p>\n<div class=\"product-details-content margin-bottom-2\"><label class=\"mcu-text-details-text-b\">Calificaci\u00f3n:<\/label><\/div>\n<div class=\"product-details-content margin-bottom-2\"><label class=\"custom-simple-label\">NO RECOMENDADA PARA MENORES DE SIETE A\u00d1OS <\/label><\/div>\n<p>Direcci\u00f3n:<span class=\"director\"> Le\u00f3n Siminiani<\/span><\/p>\n<p>Guion: <span class=\"nb\">Le\u00f3n Siminiani<\/span><\/p>\n<p>Fotograf\u00eda: <span class=\"nb\">Juan Barrero,<\/span> <span class=\"nb\">Giuseppe Truppi<\/span><\/p>\n<p>Reparto:\u00a0<span class=\"cast\"> Documentary<\/span><\/p>\n<p>Productora: <span class=\"nb\">Pandora Cinema<\/span><\/p>\n<p>G\u00e9nero: Documental | Robos &amp; Atracos<\/p>\n<p>Sinopsis: El\u00edas es un director de cine que so\u00f1aba con hacer una pel\u00edcula de atracos. Durante el verano de 2013 lee una noticia sobre la detenci\u00f3n de &#8216;El Robin Hood de Vallecas&#8217;, el l\u00edder de &#8216;la banda de las alcantarillas&#8217;. Siente entonces que ha encontrado la oportunidad para cumplir su sue\u00f1o. Le manda una carta a la c\u00e1rcel donde cumple condena. Contra todo pron\u00f3stico, El\u00edas recibe respuesta tres semanas despu\u00e9s. &#8216;El Robin Hood&#8217; acepta que vaya a la c\u00e1rcel a visitarle.<\/p>\n<p><a href=\"https:\/\/www.youtube.com\/watch?v=WlgpWbUQLlI\" data-rel=\"lightbox-video-0\">TRAILER \u00abAPUNTES PARA UNA PEL\u00cdCULA DE ATRACOS\u00bb<\/a><\/p>\n<p>&nbsp;<\/p>\n","protected":false},"excerpt":{"rendered":"<p>Lunes 20 de mayo, 20:30 h. Centro Cultural Ram\u00f3n Pelayo (Solares) Precio \u00fanico: 2,50\u20ac<\/p>\n","protected":false},"author":4,"featured_media":0,"comment_status":"closed","ping_status":"closed","sticky":false,"template":"","format":"standard","meta":{"footnotes":""},"categories":[59],"tags":[58,116,117],"class_list":["post-6239","post","type-post","status-publish","format-standard","hentry","category-cultura","tag-centro-cultural-ramon-pelayo","tag-cine","tag-filmoteca"],"_links":{"self":[{"href":"https:\/\/mediocudeyo.es\/web\/wp-json\/wp\/v2\/posts\/6239"}],"collection":[{"href":"https:\/\/mediocudeyo.es\/web\/wp-json\/wp\/v2\/posts"}],"about":[{"href":"https:\/\/mediocudeyo.es\/web\/wp-json\/wp\/v2\/types\/post"}],"author":[{"embeddable":true,"href":"https:\/\/mediocudeyo.es\/web\/wp-json\/wp\/v2\/users\/4"}],"replies":[{"embeddable":true,"href":"https:\/\/mediocudeyo.es\/web\/wp-json\/wp\/v2\/comments?post=6239"}],"version-history":[{"count":0,"href":"https:\/\/mediocudeyo.es\/web\/wp-json\/wp\/v2\/posts\/6239\/revisions"}],"wp:attachment":[{"href":"https:\/\/mediocudeyo.es\/web\/wp-json\/wp\/v2\/media?parent=6239"}],"wp:term":[{"taxonomy":"category","embeddable":true,"href":"https:\/\/mediocudeyo.es\/web\/wp-json\/wp\/v2\/categories?post=6239"},{"taxonomy":"post_tag","embeddable":true,"href":"https:\/\/mediocudeyo.es\/web\/wp-json\/wp\/v2\/tags?post=6239"}],"curies":[{"name":"wp","href":"https:\/\/api.w.org\/{rel}","templated":true}]}}