{"id":6250,"date":"2019-05-14T08:16:40","date_gmt":"2019-05-14T07:16:40","guid":{"rendered":"http:\/\/mediocudeyo.es\/web\/?p=6250"},"modified":"2019-05-14T08:16:40","modified_gmt":"2019-05-14T07:16:40","slug":"iii-festival-solidario","status":"publish","type":"post","link":"https:\/\/mediocudeyo.es\/web\/iii-festival-solidario\/","title":{"rendered":"III FESTIVAL SOLIDARIO"},"content":{"rendered":"<p><img fetchpriority=\"high\" decoding=\"async\" class=\"alignnone size-large wp-image-6251\" src=\"http:\/\/mediocudeyo.es\/web\/wp-content\/uploads\/2019\/05\/III-Festival-Ben\u00e9ficoCC.Biling\u00fce-Apostolado-del-Sagrado-coraz\u00f3n-de-jes\u00fas_page-0001-724x1024.jpg\" alt=\"\" width=\"474\" height=\"670\" \/><\/p>\n<p>Jueves 6 de junio, 17:30 h.<\/p>\n<p>Centro Cultural Ram\u00f3n Pelayo (Solares)<\/p>\n<p>Invitaciones disponibles en el Colegio Biling\u00fce Apostolado del Sagrado Coraz\u00f3n de Jes\u00fas (Cece\u00f1as).<\/p>\n<p>Donativo: 5\u20ac<\/p>\n<p>Disponibles invitaciones \u00abfila 0\u00bb<\/p>\n","protected":false},"excerpt":{"rendered":"<p>Jueves 6 de junio, 17:30 h. Centro Cultural Ram\u00f3n Pelayo (Solares) Invitaciones disponibles en el Colegio Biling\u00fce Apostolado del Sagrado Coraz\u00f3n de Jes\u00fas (Cece\u00f1as). Donativo: 5\u20ac Disponibles invitaciones \u00abfila 0\u00bb<\/p>\n","protected":false},"author":4,"featured_media":0,"comment_status":"closed","ping_status":"closed","sticky":false,"template":"","format":"standard","meta":{"footnotes":""},"categories":[59],"tags":[58,282],"class_list":["post-6250","post","type-post","status-publish","format-standard","hentry","category-cultura","tag-centro-cultural-ramon-pelayo","tag-festival-solidario"],"_links":{"self":[{"href":"https:\/\/mediocudeyo.es\/web\/wp-json\/wp\/v2\/posts\/6250"}],"collection":[{"href":"https:\/\/mediocudeyo.es\/web\/wp-json\/wp\/v2\/posts"}],"about":[{"href":"https:\/\/mediocudeyo.es\/web\/wp-json\/wp\/v2\/types\/post"}],"author":[{"embeddable":true,"href":"https:\/\/mediocudeyo.es\/web\/wp-json\/wp\/v2\/users\/4"}],"replies":[{"embeddable":true,"href":"https:\/\/mediocudeyo.es\/web\/wp-json\/wp\/v2\/comments?post=6250"}],"version-history":[{"count":0,"href":"https:\/\/mediocudeyo.es\/web\/wp-json\/wp\/v2\/posts\/6250\/revisions"}],"wp:attachment":[{"href":"https:\/\/mediocudeyo.es\/web\/wp-json\/wp\/v2\/media?parent=6250"}],"wp:term":[{"taxonomy":"category","embeddable":true,"href":"https:\/\/mediocudeyo.es\/web\/wp-json\/wp\/v2\/categories?post=6250"},{"taxonomy":"post_tag","embeddable":true,"href":"https:\/\/mediocudeyo.es\/web\/wp-json\/wp\/v2\/tags?post=6250"}],"curies":[{"name":"wp","href":"https:\/\/api.w.org\/{rel}","templated":true}]}}