{"id":6266,"date":"2019-05-17T09:27:23","date_gmt":"2019-05-17T08:27:23","guid":{"rendered":"http:\/\/mediocudeyo.es\/web\/?p=6266"},"modified":"2019-05-17T09:27:23","modified_gmt":"2019-05-17T08:27:23","slug":"exposicion-de-fotografia-aprendiendo-a-mirar","status":"publish","type":"post","link":"https:\/\/mediocudeyo.es\/web\/exposicion-de-fotografia-aprendiendo-a-mirar\/","title":{"rendered":"EXPOSICI\u00d3N DE FOTOGRAF\u00cdA \u00bb APRENDIENDO A MIRAR \u00ab"},"content":{"rendered":"<p><img fetchpriority=\"high\" decoding=\"async\" class=\"alignnone size-large wp-image-6267\" src=\"http:\/\/mediocudeyo.es\/web\/wp-content\/uploads\/2019\/05\/Exposici\u00f3n-Esc.-Mun.-Fotograf\u00eda.-CARTEL-JPG-724x1024.jpg\" alt=\"\" width=\"474\" height=\"670\" \/><\/p>\n<p>La Escuela Municipal de Fotograf\u00eda de Medio Cudeyo presenta \u00abAprendiendo a mirar \u00bb , una exposici\u00f3n de fotograf\u00eda del alumnado de\u00a0 las Escuelas Culturales de Medio Cudeyo.<\/p>\n<p>La inauguraci\u00f3n se celebrar\u00e1 el lunes 27 de mayo a las 19:30 h.<\/p>\n<p>La Exposici\u00f3n se podr\u00e1 visitar desde el lunes 27 de mayo al mi\u00e9rcoles 19 de junio en las instalaciones del Centro Cultural Ram\u00f3n Pelayo ( Solares).<\/p>\n<p>Lunes a viernes 9-21 h.<\/p>\n<p>S\u00e1bados de 9-20 h.<\/p>\n<p>Domingos de 9-14 h.<\/p>\n","protected":false},"excerpt":{"rendered":"<p>La Escuela Municipal de Fotograf\u00eda de Medio Cudeyo presenta \u00abAprendiendo a mirar \u00bb , una exposici\u00f3n de fotograf\u00eda del alumnado de\u00a0 las Escuelas Culturales de Medio Cudeyo. La inauguraci\u00f3n se [&hellip;]<\/p>\n","protected":false},"author":4,"featured_media":0,"comment_status":"closed","ping_status":"closed","sticky":false,"template":"","format":"standard","meta":{"footnotes":""},"categories":[59],"tags":[58,92,87,88],"class_list":["post-6266","post","type-post","status-publish","format-standard","hentry","category-cultura","tag-centro-cultural-ramon-pelayo","tag-escuelas-culturales","tag-exposicion","tag-fotografia"],"_links":{"self":[{"href":"https:\/\/mediocudeyo.es\/web\/wp-json\/wp\/v2\/posts\/6266"}],"collection":[{"href":"https:\/\/mediocudeyo.es\/web\/wp-json\/wp\/v2\/posts"}],"about":[{"href":"https:\/\/mediocudeyo.es\/web\/wp-json\/wp\/v2\/types\/post"}],"author":[{"embeddable":true,"href":"https:\/\/mediocudeyo.es\/web\/wp-json\/wp\/v2\/users\/4"}],"replies":[{"embeddable":true,"href":"https:\/\/mediocudeyo.es\/web\/wp-json\/wp\/v2\/comments?post=6266"}],"version-history":[{"count":0,"href":"https:\/\/mediocudeyo.es\/web\/wp-json\/wp\/v2\/posts\/6266\/revisions"}],"wp:attachment":[{"href":"https:\/\/mediocudeyo.es\/web\/wp-json\/wp\/v2\/media?parent=6266"}],"wp:term":[{"taxonomy":"category","embeddable":true,"href":"https:\/\/mediocudeyo.es\/web\/wp-json\/wp\/v2\/categories?post=6266"},{"taxonomy":"post_tag","embeddable":true,"href":"https:\/\/mediocudeyo.es\/web\/wp-json\/wp\/v2\/tags?post=6266"}],"curies":[{"name":"wp","href":"https:\/\/api.w.org\/{rel}","templated":true}]}}