{"id":6389,"date":"2019-05-30T13:34:19","date_gmt":"2019-05-30T12:34:19","guid":{"rendered":"http:\/\/mediocudeyo.es\/web\/?p=6389"},"modified":"2019-05-30T13:34:19","modified_gmt":"2019-05-30T12:34:19","slug":"presentacion-del-libro-aves-reproductoras-de-cantabria","status":"publish","type":"post","link":"https:\/\/mediocudeyo.es\/web\/presentacion-del-libro-aves-reproductoras-de-cantabria\/","title":{"rendered":"PRESENTACI\u00d3N DEL LIBRO: AVES REPRODUCTORAS DE CANTABRIA"},"content":{"rendered":"<p><img fetchpriority=\"high\" decoding=\"async\" class=\"alignnone size-large wp-image-6390\" src=\"http:\/\/mediocudeyo.es\/web\/wp-content\/uploads\/2019\/05\/Presentaci\u00f3n-del-libro.-20-junio.-CARTEL-jpg-1-724x1024.jpg\" alt=\"\" width=\"474\" height=\"670\" \/><\/p>\n<p>Jueves, 20 de junio\u00a0 a las 19:00h<\/p>\n<p>Centro Cultural Ram\u00f3n Pelayo (Solares).<\/p>\n<p>Entrada libre hasta completar aforo.<\/p>\n<p><!--more--><\/p>\n<p>Jose Manuel Gutierrez Romero, el autor del libro titulado: AVES REPRODUCTORAS DE CANTABRIA.<\/p>\n<p>Se trata de un manuscrito de gran formato, con tama\u00f1o 300 x 210mm, con 516 p\u00e1ginas a color, 435 fotograf\u00edas, con un peso de 2,3 kg, tapa dura, esta en formato autoedici\u00f3n es decir que nadie ha intervenido en su creaci\u00f3n salvo el que suscribe, que es el autor tanto de los textos como de las fotograf\u00edas.<\/p>\n<p>Es un libro que nos habla de 147 especies de aves que se reproducen en Cantabria en la actualidad o que se han reproducido en la regi\u00f3n en alg\u00fan momento.<\/p>\n<p>Es un riguroso estudio de todas ellas desde hace m\u00e1s de 30 a\u00f1os, desde la praxis o sea desde primera l\u00ednea en el campo.<\/p>\n<p>Es un libro at\u00edpico, que se parece muy poco a lo que otros de la misma tem\u00e1tica nos tienen acostumbrados, ya que lo que pretende es ser novedoso en las informaciones de cada especie, especialmente volcado sobre las tareas reproductivas por ser el momento m\u00e1s importante en la vida de todo ser vivo, especialmente de nuestras aves.<\/p>\n<p>Su lectura es sencilla y de f\u00e1cil comprensi\u00f3n tanto para las personas iniciadas en este mundo como para expertos ornit\u00f3logos.<\/p>\n<p>En \u00e9l se incluyen algunas vivencias personales del autor con ellas, curiosidades podr\u00edamos decir.<\/p>\n<p>Pero quiz\u00e1s y lo m\u00e1s importante es el escrupuloso tacto en el contacto con las aves para evitar en la medida de lo posible perjuicios a las mismas.<\/p>\n<p>Es un libro confeccionado desde la pasi\u00f3n y el amor a los p\u00e1jaros desde la infancia.<\/p>\n<p>Un libro que rellenara un hueco importante en el conocimiento de las aves de Cantabria, en las que todo el territorio regional est\u00e1 representado, quiz\u00e1s en mayor n\u00famero en la Cantabria occidental, que se corresponder\u00eda desde Torrelavega hacia la Li\u00e9bana y las comarcas del sur por ser sin g\u00e9nero de dudas las mejor conservadas y por lo tanto las m\u00e1s ricas f\u00e1usticamente hablando.<\/p>\n<p>&nbsp;<\/p>\n<p>&nbsp;<\/p>\n","protected":false},"excerpt":{"rendered":"<p>Jueves, 20 de junio\u00a0 a las 19:00h Centro Cultural Ram\u00f3n Pelayo (Solares). Entrada libre hasta completar aforo.<\/p>\n","protected":false},"author":4,"featured_media":0,"comment_status":"closed","ping_status":"closed","sticky":false,"template":"","format":"standard","meta":{"footnotes":""},"categories":[59],"tags":[84,58,60,155],"class_list":["post-6389","post","type-post","status-publish","format-standard","hentry","category-cultura","tag-biblioteca","tag-centro-cultural-ramon-pelayo","tag-medio-cudeyo","tag-presentacion-libro"],"_links":{"self":[{"href":"https:\/\/mediocudeyo.es\/web\/wp-json\/wp\/v2\/posts\/6389"}],"collection":[{"href":"https:\/\/mediocudeyo.es\/web\/wp-json\/wp\/v2\/posts"}],"about":[{"href":"https:\/\/mediocudeyo.es\/web\/wp-json\/wp\/v2\/types\/post"}],"author":[{"embeddable":true,"href":"https:\/\/mediocudeyo.es\/web\/wp-json\/wp\/v2\/users\/4"}],"replies":[{"embeddable":true,"href":"https:\/\/mediocudeyo.es\/web\/wp-json\/wp\/v2\/comments?post=6389"}],"version-history":[{"count":0,"href":"https:\/\/mediocudeyo.es\/web\/wp-json\/wp\/v2\/posts\/6389\/revisions"}],"wp:attachment":[{"href":"https:\/\/mediocudeyo.es\/web\/wp-json\/wp\/v2\/media?parent=6389"}],"wp:term":[{"taxonomy":"category","embeddable":true,"href":"https:\/\/mediocudeyo.es\/web\/wp-json\/wp\/v2\/categories?post=6389"},{"taxonomy":"post_tag","embeddable":true,"href":"https:\/\/mediocudeyo.es\/web\/wp-json\/wp\/v2\/tags?post=6389"}],"curies":[{"name":"wp","href":"https:\/\/api.w.org\/{rel}","templated":true}]}}