{"id":6488,"date":"2019-06-17T14:54:23","date_gmt":"2019-06-17T13:54:23","guid":{"rendered":"http:\/\/mediocudeyo.es\/web\/?p=6488"},"modified":"2019-06-17T14:54:23","modified_gmt":"2019-06-17T13:54:23","slug":"cerrado-dia-24-de-junio","status":"publish","type":"post","link":"https:\/\/mediocudeyo.es\/web\/cerrado-dia-24-de-junio\/","title":{"rendered":"CERRADO D\u00cdA 24 DE JUNIO."},"content":{"rendered":"<p><img fetchpriority=\"high\" decoding=\"async\" class=\"alignnone size-full wp-image-5478\" src=\"http:\/\/mediocudeyo.es\/web\/wp-content\/uploads\/2019\/02\/cerrado.jpg\" alt=\"\" width=\"600\" height=\"380\" \/><\/p>\n<p>El d\u00eda 24 de junio, fiesta local, el Centro Cultural Ram\u00f3n Pelayo y todos sus servicios, permanecer\u00e1n\u00a0 cerrados al p\u00fablico.<\/p>\n<p>Disculpen las molestias.<\/p>\n<p>&nbsp;<\/p>\n","protected":false},"excerpt":{"rendered":"<p>El d\u00eda 24 de junio, fiesta local, el Centro Cultural Ram\u00f3n Pelayo y todos sus servicios, permanecer\u00e1n\u00a0 cerrados al p\u00fablico. Disculpen las molestias. &nbsp;<\/p>\n","protected":false},"author":4,"featured_media":0,"comment_status":"closed","ping_status":"closed","sticky":false,"template":"","format":"standard","meta":{"footnotes":""},"categories":[59],"tags":[58,60],"class_list":["post-6488","post","type-post","status-publish","format-standard","hentry","category-cultura","tag-centro-cultural-ramon-pelayo","tag-medio-cudeyo"],"_links":{"self":[{"href":"https:\/\/mediocudeyo.es\/web\/wp-json\/wp\/v2\/posts\/6488"}],"collection":[{"href":"https:\/\/mediocudeyo.es\/web\/wp-json\/wp\/v2\/posts"}],"about":[{"href":"https:\/\/mediocudeyo.es\/web\/wp-json\/wp\/v2\/types\/post"}],"author":[{"embeddable":true,"href":"https:\/\/mediocudeyo.es\/web\/wp-json\/wp\/v2\/users\/4"}],"replies":[{"embeddable":true,"href":"https:\/\/mediocudeyo.es\/web\/wp-json\/wp\/v2\/comments?post=6488"}],"version-history":[{"count":0,"href":"https:\/\/mediocudeyo.es\/web\/wp-json\/wp\/v2\/posts\/6488\/revisions"}],"wp:attachment":[{"href":"https:\/\/mediocudeyo.es\/web\/wp-json\/wp\/v2\/media?parent=6488"}],"wp:term":[{"taxonomy":"category","embeddable":true,"href":"https:\/\/mediocudeyo.es\/web\/wp-json\/wp\/v2\/categories?post=6488"},{"taxonomy":"post_tag","embeddable":true,"href":"https:\/\/mediocudeyo.es\/web\/wp-json\/wp\/v2\/tags?post=6488"}],"curies":[{"name":"wp","href":"https:\/\/api.w.org\/{rel}","templated":true}]}}