{"id":6535,"date":"2019-06-25T19:35:15","date_gmt":"2019-06-25T18:35:15","guid":{"rendered":"http:\/\/mediocudeyo.es\/web\/?p=6535"},"modified":"2019-06-25T19:35:15","modified_gmt":"2019-06-25T18:35:15","slug":"listado-admitidos-campamento-verano-2019-medio-cudeyo","status":"publish","type":"post","link":"https:\/\/mediocudeyo.es\/web\/listado-admitidos-campamento-verano-2019-medio-cudeyo\/","title":{"rendered":"LISTADO ADMITIDOS CAMPAMENTO VERANO 2019 MEDIO CUDEYO"},"content":{"rendered":"\n<figure class=\"wp-block-image is-resized\"><img fetchpriority=\"high\" decoding=\"async\" src=\"http:\/\/mediocudeyo.es\/web\/wp-content\/uploads\/2019\/06\/CARTEL-CAMPUS-2019-1-724x1024.jpg\" alt=\"\" class=\"wp-image-6536\" width=\"571\" height=\"807\"\/><figcaption> <br> ADMITIDOS <strong>CAMPAMENTO \u00daRBANO\u00a0 <em>SEDE SOLARES. (PABELL\u00d3N MIES DEL CORRO) )\u00a0 <\/em>SEG\u00daN LAS QUINCENAS Y SERVICIOS ACORDADOS.<\/strong><br> <strong>PAGO DE MATR\u00cdCULAS DEL 26 AL 28 DE JUNIO<\/strong><br> <strong>LIBERBANK\u00a0\u00a0\u00a0 ES 12 2048 2070 7134 0001 2774<\/strong><br> <strong>DOCUMENTACI\u00d3N A PRESENTAR ANTES DE 15.00 DEL VIERNES 28 DE JUNIO : RESGUARDO DEL PAGO BANCARIO  ( Concepto:\u00a0 CAMPUS SOLARES + Nombre del ni\u00f1o o ni\u00f1a) <\/strong><br> Alonso Michelena, Lucas<br> Alonso Requivila,Mateo<br> Aranguren Fern\u00e1ndez, Sa\u00fal<br> Aray Rivero Marco Ignacio<br> Aray Rivero Victoria Sophia<br> Arenales Sainz, Angel<br> Baitia Ahmed, Yamal<br> Barea Perea, David<br> Barqu\u00cdn Barqu\u00cdn, Hugo<br> Barqu\u00edn Barqu\u00cdn, Samuel<br> Barquinero Lav\u00cdn, Alejandro<br> Barquinero Lav\u00cdn, Maria<br> Bear Bl\u00e1zquez, Claudia<br> Bedia San Emeterio, Iv\u00e1n<br> Blanco Palomo, Camila<br> Bolado Sarachaga, Hugo<br> Bolado Sarachaga, Sof\u00eda<br> Bringas Villa, Adriana<br> Bringas Villa, Hugo<br> Cagigas Rodr\u00edguez, Daniela<br> Carrera G\u00f3mez Nico<br> Carrera G\u00f3mez, Lucia<br> Casado Puente, Alvaro<br> Casillas P\u00e9rez, Alejandro<br> Castanedo P\u00e9rez, Guillermo<br> Catena Abascal, Daniela<br> Catena Abascal, Nicol\u00e1s<br> Chocarro P\u00e9rez, L\u00eda<br> Cobo Guti\u00e9rrez, Paula<br> Cobo Montiel, Rosana<br> Coelho Blanco, Marina<br> Colmenares Guti\u00e9rrez, Santiago David<br> Cordero Ruiz, Alexia<br> Cortazar Lav\u00edn, Hugo<br> Coz Sota, Javier<br> Crespo Rodr\u00edguez, Claudia<br> Damian Casa\u00f1os, Juan Jes\u00fas<br> De la Vega Viadero, Adri\u00e1n<br> De Pedro Carbajo, Ainhoa<br> del Prado Mangas, Marcos<br> Duarte Pinacoca, Daniela<br> Duarte Pinacoca, Sonia<br> Est\u00e9vez Avila, In\u00e9s<br> Exp\u00f3sito Sainz, Manuel<br> Fern\u00e1ndez Cuevas, Nerea<br> Fern\u00e1ndez Cuevas, Oscar<br> Fern\u00e1ndez L\u00f3pez, Salma<br> Fern\u00e1ndez Mollinedo, Luc\u00eda<br> Fern\u00e1ndez Ruiz, \u00c1lvaro<br> Fern\u00e1ndez Ruiz, Ariadne<br> Fern\u00e1ndez Ruiz, Marco<br> Fern\u00e1ndez Ruiz, Pablo<br> Figuero Mier, Jimena<br> Fuente Quintana, Carolina<br> G\u00e1ndara Martinez, Hugo<br> Garc\u00eda Herrera, V\u00edctor<br> Garc\u00eda Olavarrieta, Paula<br> Garc\u00eda Ramos, Gabriel<br> G\u00f3mez Concha, Mateo<br> G\u00f3mez Lastra, Sergio<br> G\u00f3mez Lastra,Paula<br> G\u00f3mez Limon, Mateo<br> G\u00f3mez Mier, Claudia<br> G\u00f3mez Mier, Marcos<br> G\u00f3mez Montes, Laro<br> G\u00f3mez Portilla, Angel<br> G\u00f3mez Ram\u00f3n, Luc\u00eda<br> G\u00f3mez Ram\u00f3n, Maria<br> G\u00f3mez Tajo, Neizan<br> G\u00f3mez Torres, Sergio<br> Gonz\u00e1lez Blanco, Daniela<br> Gonz\u00e1lez Ituarte, Marco<br> Grull\u00f3n Ramos, Chenier<br> Guti\u00e9rrez Cortes, Diego<br> Guti\u00e9rrez Cortes, Victoria<br> Gutierrez Men\u00e9ndez, Sa\u00fal<br> Gutierrez Villar, Aurora<br> Herrero Hinojal, Diego<br> Lastra Maza, Alvaro<br> Lav\u00edn Ag\u00fcero, Cristian<br> Lav\u00edn Ag\u00fcero, Javier<br> Lav\u00edn L\u00f3pez, Alvaro<br> L\u00f3pez Fern\u00e1ndez, Pablo<br> Lude\u00f1a Celestino, Lorena<br> Madrid Berenguel, Diana<br> Mart\u00edn S\u00e1nchez, Adri\u00e1n<br> Martinez Salm\u00f3n, Daniela<br> Maza Iturbe, Hugo<br> Maza, L\u00f3pez, Iker<br> Mazas Salcines,Celia<br> Mier Bedia, Pablo<br> Monasterio Maza, Rodrigo<br> Mussa Cort\u00e9s, Isabel<br> Navarro Sedane, Irene<br> Navarro Sedane, Nicol\u00e1s<br> Nore\u00f1a Higuera, Paula<br> N\u00fa\u00f1ez Cobo, H\u00e9ctor<br> Ortiz Caballero, Adri\u00e1n<br> Ortiz Caballero, Lucia<br> Ortiz Castanedo, Alba<br> Ortiz Castanedo, Alejandra<br> Ort\u00edz Santamar\u00eda, Adri\u00e1n<br> Ort\u00edz Santamar\u00eda, Aitana<br> Ortiz Villegas, Antonio<br> Ort\u00edz Villegas, Marta<br> P\u00e9rez Bakkach, Aitor<br> P\u00e9rez Fern\u00e1ndez, Daniel<br> P\u00e9rez Fern\u00e1ndez, Manuel<br> P\u00e9rez Garcia, Laia<br> P\u00e9rez L\u00f3pez, Alejandra<br> P\u00e9rez L\u00f3pez, Martina<br> P\u00e9rez San Emeterio,Daniel<br> Pi\u00f1al Herranz, Alejandro<br> Pi\u00f1al Herranz, Eric<br> Pla Lav\u00edn, Mario<br> Polo Villar, Lucas<br> Portilla Castanedo, Mar\u00eda<br> Portilla Hoz, Lara<br> Portilla P\u00e9rez, Marco<br> Quintana Bilbao, Celia<br> Quintana Torre, Mart\u00edn<br> Quintana Torre, Sa\u00fal<br> Rebrov Rebrova, V\u00edctor<br> Rodr\u00edguez Andrade, \u00c1ngel<br> Rodr\u00edguez Andrade, Diego<br> Rodr\u00edguez Garc\u00eda, Yolanda<br> Rodr\u00edguez G\u00f3mez, Hugo<br> Rueda Regato, Daniel<br> Ruiz Garc\u00eda, Mar\u00eda Lian<br> Ruiz Solana, Lucas<br> Saiz M\u00e1rtinez, Gabriel<br> San Emeterio Rodr\u00edguez,Amaya<br> S\u00e1nchez Cand\u00e1s , Jimena<br> S\u00e1nchez Mart\u00edn, Gloria<br> S\u00e1nchez Mart\u00edn, Mario<br> S\u00e1nchez Osoro, Marco<br> S\u00e1nchez Perojo, Alejandro<br> S\u00e1nchez Perojo, Amanda<br> Sa\u00f1udo Bl\u00e1zquez, Adri\u00e1n<br> Sa\u00f1udo G\u00f3mez, Mario<br> Secadas Barqu\u00edn, Diego<br> Sierra Quintana, \u00c1lvaro<br> Silva Blanco, Lucas<br> Solorzano Barqu\u00edn, Eloy<br> Sol\u00f3rzano Zamanillo, Carmen<br> Usl\u00e9 Morales, Adri\u00e1n<br> Usl\u00e9 Morales, Paula<br> Var\u00f3n Lozano, Yorgy Andr\u00e9s<br> Vasco Arnaiz, Manuel<br> V\u00e1zquez Ab\u00edn, Carmen<br> Vieira Gallego, Juli\u00e1n<br> Villanueva Lav\u00edn, Sof\u00eda<br> Villegas Laso, Cristina<br> \u00a0<br>  <br> <strong>ADMITIDOS CAMPAMENTO \u00daRBANO\u00a0<em> SEDE SOLARES. (AULAS 2\/3 CEIP MARQ\u00daES DE VALDECILLA)\u00a0<\/em> SEG\u00daN LAS QUINCENAS Y SERVICIOS ACORDADOS.<\/strong><br> <strong>PAGO DE MATR\u00cdCULAS DEL 26 AL 28 DE JUNIO<\/strong><br> <strong>LIBERBANK\u00a0\u00a0\u00a0 ES 12 2048 2070 7134 0001 2774<\/strong><br> <strong>DOCUMENTACI\u00d3N A PRESENTAR ANTES DE 15.00 DEL VIERNES 28 DE JUNIO : RESGUARDO DEL PAGO BANCARIO  ( Concepto:\u00a0 CAMPUS SOLARES + Nombre del ni\u00f1o o ni\u00f1a) <\/strong><br> APELLIDOS, NOMBRE<br> \u00c1lvarez Solana, Izan<br> Antol\u00edn Gandarillas, Lara<br> Barqu\u00edn Vielva, Mart\u00edn<br> Bedia San Emeterio, Alex<br> Berm\u00fadez Laso, Anna<br> Blanco Berm\u00fadez, Oliver<br> Blanco Palomo, Mateo<br> Camus Real, Mario<br> Cano Muner, Mateo<br> Castillo Le\u00f3n, Francesca Victoria<br> Chaparro Mijares, Rodrigo<br> Chocarro P\u00e9rez, Eva<br> Cobo Fonfr\u00eda, Marcos<br> Cobo Montiel, Mateo<br> Concha Fern\u00e1ndez, Sonia<br> Correa Ruiz, Sof\u00eda <br> Coz Sota, Marta<br> Cruz Lav\u00edn, Aroa<br> Cruz Lav\u00edn, Aroa<br> De la Hoz Casado, Juan Jos\u00e9<br> De la Vega Sili\u00f3, Mart\u00edn<br> De la Vega Viadero, Marco<br> Del Prado Mangas, Berta<br> Est\u00e9vez Avila, Rub\u00e9n<br> Fern\u00e1ndez Castanedo, Lola<br> Fern\u00e1ndez Chocarro, Nora<br> Fern\u00e1ndez Fern\u00e1ndez, Martina<br> Fern\u00e1ndez Pedraja, Diana<br> Fern\u00e1ndez Pedraja, In\u00e9s<br> Fern\u00e1ndez Rodr\u00edguez, Ra\u00fal<br> Fern\u00e1ndez Rus, Iv\u00e1n<br> Fern\u00e1ndez Saiz,Daniel<br> Figuero Mier, Claudia<br> Figuero Mier, Sa\u00fal<br> Fuente Acebo, Mart\u00edn<br> Garcia Chaves, Lucas<br> Garc\u00eda Flores, Romina M\u00aa<br> Garmendia Torres, Carla<br> G\u00f3mez G\u00f3mez, Sara<br> G\u00f3mez Limon, Marcos<br> G\u00f3mez Mier, Hugo<br> Guerra M\u00e1rtinez, Noa Sof\u00eda<br> Gutierrez Llama, Clara<br> Guti\u00e9rrez Villar, Alicia<br> Ib\u00e1\u00f1ez de la Hoz, Mar\u00eda<br> Jim\u00e9nez Puente, Adriana<br> Kozar, Kateryna<br> Lastra Maza, Bruno<br> L\u00f3pez Mart\u00edn, Gabriel<br> Lude\u00f1a Celestino, Sof\u00eda<br> Mart\u00ednez Gonz\u00e1lez, Triana<br> Mart\u00ednez Quintana, Leo<br> Maza Iturbe, Lucas<br> Maza L\u00f3pez, Telma<br> Mier Bedia, Laura<br> Mier Bedia, David<br> Mora Gonz\u00e1lez, Adriana<br> Ochoa Chiquito, Marian<br> Oria de los Santos Eugenio<br> Pedrayes Fern\u00e1ndez, Elisa<br> P\u00e9rez L\u00f3pez, Sergio<br> Pineda Doce, Izan<br> Pineda M\u00e1rquez,Dasy Channel<br> Pla Lav\u00edn, Miguel<br> Prado Quintanilla, Anyelina<br> Prieto Mangas, Jorge<br> Prieto Mangas, Mart\u00edn<br> Quintana Bilbao, Alejandro<br> Redondo Bedia, Carla<br> Rodriguez Chaves, Nicol\u00e1s<br> Rojas Almeida, Eneko Antonio<br> Rozas Fern\u00e1ndez, Jimena<br> Sada Guti\u00e9rrez, Adri\u00e1n<br> Sada Guti\u00e9rrez, Mateo<br> San Emeterio Rodr\u00edguez Jaime<br> Saiz Bogajo, Ana<br> Salda\u00f1a Linares, Martina<br> S\u00e1nchez Candas, Valeria<br> Sa\u00f1udo Bl\u00e1zquez, Carla<br> Sierra Quintana, Hugo<br> Silva Blanco, Pablo<br> Uranga Prieto, Arya<br> Vallejo Carmona, Pepa<br> Villegas Herrero, Rodrigo<br> Villegas Laso, Alba <br><\/figcaption><\/figure>\n","protected":false},"excerpt":{"rendered":"","protected":false},"author":4,"featured_media":0,"comment_status":"closed","ping_status":"closed","sticky":false,"template":"","format":"standard","meta":{"footnotes":""},"categories":[59],"tags":[287,109,60],"class_list":["post-6535","post","type-post","status-publish","format-standard","hentry","category-cultura","tag-campus-verano-2019","tag-conciliacion","tag-medio-cudeyo"],"_links":{"self":[{"href":"https:\/\/mediocudeyo.es\/web\/wp-json\/wp\/v2\/posts\/6535"}],"collection":[{"href":"https:\/\/mediocudeyo.es\/web\/wp-json\/wp\/v2\/posts"}],"about":[{"href":"https:\/\/mediocudeyo.es\/web\/wp-json\/wp\/v2\/types\/post"}],"author":[{"embeddable":true,"href":"https:\/\/mediocudeyo.es\/web\/wp-json\/wp\/v2\/users\/4"}],"replies":[{"embeddable":true,"href":"https:\/\/mediocudeyo.es\/web\/wp-json\/wp\/v2\/comments?post=6535"}],"version-history":[{"count":0,"href":"https:\/\/mediocudeyo.es\/web\/wp-json\/wp\/v2\/posts\/6535\/revisions"}],"wp:attachment":[{"href":"https:\/\/mediocudeyo.es\/web\/wp-json\/wp\/v2\/media?parent=6535"}],"wp:term":[{"taxonomy":"category","embeddable":true,"href":"https:\/\/mediocudeyo.es\/web\/wp-json\/wp\/v2\/categories?post=6535"},{"taxonomy":"post_tag","embeddable":true,"href":"https:\/\/mediocudeyo.es\/web\/wp-json\/wp\/v2\/tags?post=6535"}],"curies":[{"name":"wp","href":"https:\/\/api.w.org\/{rel}","templated":true}]}}