{"id":6556,"date":"2019-06-28T12:57:09","date_gmt":"2019-06-28T11:57:09","guid":{"rendered":"http:\/\/mediocudeyo.es\/web\/?p=6556"},"modified":"2019-06-28T12:57:09","modified_gmt":"2019-06-28T11:57:09","slug":"san-pedruco-2019","status":"publish","type":"post","link":"https:\/\/mediocudeyo.es\/web\/san-pedruco-2019\/","title":{"rendered":"SAN PEDRUCO 2019"},"content":{"rendered":"\n<p><\/p>\n\n\n\n<figure class=\"wp-block-image\"><img decoding=\"async\" src=\"http:\/\/mediocudeyo.es\/web\/wp-content\/uploads\/2019\/06\/Cartel-San-Pedruco2019-724x1024.jpg\" alt=\"\" class=\"wp-image-6557\"\/><figcaption>  <br>Grandes Fiestas San Pedruco 2019 los d\u00edas 28 y 29 de junio.<br><strong>L@s ni\u00f1@s vayan con ba\u00f1ador porque muchos de los hinchables ser\u00e1n acu\u00e1ticos. <br><\/strong> <br> <br> <br><br> \u00b7\u00a0\u00a0\u00a0\u00a0\u00a0\u00a0\u00a0\u00a0\u00a0\u00a0 <\/figcaption><\/figure>\n","protected":false},"excerpt":{"rendered":"","protected":false},"author":4,"featured_media":0,"comment_status":"closed","ping_status":"closed","sticky":false,"template":"","format":"standard","meta":{"footnotes":""},"categories":[42],"tags":[290,60],"class_list":["post-6556","post","type-post","status-publish","format-standard","hentry","category-festejos","tag-festejos","tag-medio-cudeyo"],"_links":{"self":[{"href":"https:\/\/mediocudeyo.es\/web\/wp-json\/wp\/v2\/posts\/6556"}],"collection":[{"href":"https:\/\/mediocudeyo.es\/web\/wp-json\/wp\/v2\/posts"}],"about":[{"href":"https:\/\/mediocudeyo.es\/web\/wp-json\/wp\/v2\/types\/post"}],"author":[{"embeddable":true,"href":"https:\/\/mediocudeyo.es\/web\/wp-json\/wp\/v2\/users\/4"}],"replies":[{"embeddable":true,"href":"https:\/\/mediocudeyo.es\/web\/wp-json\/wp\/v2\/comments?post=6556"}],"version-history":[{"count":0,"href":"https:\/\/mediocudeyo.es\/web\/wp-json\/wp\/v2\/posts\/6556\/revisions"}],"wp:attachment":[{"href":"https:\/\/mediocudeyo.es\/web\/wp-json\/wp\/v2\/media?parent=6556"}],"wp:term":[{"taxonomy":"category","embeddable":true,"href":"https:\/\/mediocudeyo.es\/web\/wp-json\/wp\/v2\/categories?post=6556"},{"taxonomy":"post_tag","embeddable":true,"href":"https:\/\/mediocudeyo.es\/web\/wp-json\/wp\/v2\/tags?post=6556"}],"curies":[{"name":"wp","href":"https:\/\/api.w.org\/{rel}","templated":true}]}}