{"id":6613,"date":"2019-07-16T09:14:58","date_gmt":"2019-07-16T08:14:58","guid":{"rendered":"http:\/\/mediocudeyo.es\/web\/?p=6613"},"modified":"2019-07-16T09:14:58","modified_gmt":"2019-07-16T08:14:58","slug":"talleres-de-las-escuelas-culturales-de-medio-cudeyo-2019-2020","status":"publish","type":"post","link":"https:\/\/mediocudeyo.es\/web\/talleres-de-las-escuelas-culturales-de-medio-cudeyo-2019-2020\/","title":{"rendered":"MEDIDAS DE FUNCIONAMIENTO PARA EL CENTRO DE SALUD DE MEDIO CUDEYO"},"content":{"rendered":"\n<p>El Equipo de Gobierno\nde Medio Cudeyo (PRC-PSOE), ante la situaci\u00f3n epidemiol\u00f3gica producida por la\nextensi\u00f3n del coronavirus, quiere transmitir un mensaje de tranquilidad y\nconfianza en las medidas adoptadas por las autoridades sanitarias. Con el deseo\nde colaborar en la difusi\u00f3n de las mismas y con el <strong>CENTRO DE SALUD DE MEDIO CUDEYO,<\/strong> hemos elaborado este documento con\nindicaciones \u00fatiles para proteger la salud de todas las personas:<\/p>\n\n\n\n<p>-Los servicios\nsanitarios reajustan su actividad a lo estrictamente necesario por lo que se\nsolicita a la ciudadan\u00eda no acudir al Centro de Salud excepto en casos de <strong>URGENCIA<\/strong>. En estos casos los pacientes\nacceder\u00e1n solos a las instalaciones y \u00fanicamente se permitir\u00e1 un acompa\u00f1ante\ncon menores y ancianos que lo precisen.<\/p>\n\n\n\n<p>-El acceso al Centro\nde Salud se realizar\u00e1 \u00fanicamente por la puerta de Urgencias<\/p>\n\n\n\n<p>-Se anula temporalmente\nla posibilidad de obtener cita de Atenci\u00f3n Primaria v\u00eda web\/App y s\u00f3lo se\natender\u00e1 la petici\u00f3n de cita por tel\u00e9fono para discriminar las citas de\ncar\u00e1cter imprescindible. <\/p>\n\n\n\n<ul class=\"wp-block-list\"><li><strong>Tel\u00e9fono CENTRO DE SALUD: 942520737<\/strong><\/li><\/ul>\n\n\n\n<p>-Se realizar\u00e1n <strong>AN\u00c1LITICAS URGENTES O INDEMORABLES.<\/strong><\/p>\n\n\n\n<p><strong>-EN EL SERVICIO DE PEDIATR\u00cdA <\/strong>se atender\u00e1n s\u00f3lo las URGENCIAS y la\nvacunaci\u00f3n de los ni\u00f1os y ni\u00f1as de 0 a 4 meses.<\/p>\n\n\n\n<p>-Se <strong>SUSPENDEN y\/o REPROGRAMAN <\/strong>las consultas\nde personas con problemas de salud cr\u00f3nicos y de las personas con\ninmunosupresi\u00f3n cong\u00e9nita o adquirida. Se avisar\u00e1 por tel\u00e9fono de los cambios.<\/p>\n\n\n\n<p>\u2013<strong>RECETA ELECTRONICA<\/strong>: <\/p>\n\n\n\n<ul class=\"wp-block-list\"><li>Si necesita renovarla por caducidad o\ncambios, contactar en el tel\u00e9fono <strong>942520737<\/strong>\ncon el Centro de Salud para su renovaci\u00f3n.<\/li><li>Si la receta est\u00e1 actualizada se\npuede acudir directamente a la farmacia con la tarjeta sanitaria para retirar\nlos medicamentos, sin necesidad de pasar por el centro de salud a recogerla en\npapel.<\/li><\/ul>\n\n\n\n<p><strong>-PARTES DE BAJA<\/strong>: En caso necesario para su tramitaci\u00f3n contactar en el\ntel\u00e9fono 942520737 con el Centro de Salud.<\/p>\n\n\n\n<p>-Si es necesario\nacudir al Centro de Salud, se debe <strong>MANTENER\nLA DISTANCIA DE SEGURIDAD y MEDIDAS DE HIGIENE<\/strong>: lavado de manos, manos en\nlos bolsillos o cruzadas al pecho sin tocar el mobiliario del centro y\nmascarilla si tiene s\u00edntomas catarrales (aunque en este caso por la seguridad y\nsalud de todas las personas no debiera acudir al centro).<\/p>\n\n\n\n<p><strong>-*IMPORTANTE: Si tiene tos, fiebre y\/o dificultad\nrespiratoria leve debe QUEDARSE EN CASA Y LLAMAR AL 900 612 112*<\/strong><\/p>\n\n\n\n<p><strong>\u2013<\/strong>La\ninformaci\u00f3n fiable y contrastada tambi\u00e9n protege nuestra salud por eso se\nrecomienda consultar las siguientes p\u00e1ginas WEB de las diferentes\nadministraciones:<\/p>\n\n\n\n<ul class=\"wp-block-list\"><li>MINISTERIO SANIDAD:\nhttps:\/\/www.mscbs.gob.es\/profesionales\/saludPublica\/ccayes\/alertasActual\/nCov-China\/home.htm<\/li><li>CONSEJERIA\nDE SANIDAD&nbsp; GOBIERNO DE CANTABRIA:\nhttp:\/\/saludcantabria.es\/<\/li><li>SERVICIO\nCANTABRO DE SALUD: https:\/\/www.scsalud.es\/web\/scs\/Coronavirus-Ciudadanos<\/li><li>https:\/\/www.scsalud.es\/web\/scs\/Coronavirus-Ciudadanos<\/li><\/ul>\n\n\n\n<p><em>Atender a estas indicaciones facilita la labor del personal\nsanitario y protege la salud de todas las personas.<\/em><\/p>\n\n\n\n<p>Gracias por vuestra\ncolaboraci\u00f3n.<\/p>\n","protected":false},"excerpt":{"rendered":"<p>El Equipo de Gobierno de Medio Cudeyo (PRC-PSOE), ante la situaci\u00f3n epidemiol\u00f3gica producida por la extensi\u00f3n del coronavirus, quiere transmitir un mensaje de tranquilidad y confianza en las medidas adoptadas [&hellip;]<\/p>\n","protected":false},"author":4,"featured_media":8003,"comment_status":"closed","ping_status":"closed","sticky":false,"template":"","format":"standard","meta":{"footnotes":""},"categories":[111],"tags":[291,292,293,294,295,296,297],"class_list":["post-6613","post","type-post","status-publish","format-standard","has-post-thumbnail","hentry","category-ciudadano","tag-centrodesalud","tag-coronavirus","tag-covid19","tag-cuarentena","tag-mediocudeyo","tag-pandemia","tag-quedateencasa"],"_links":{"self":[{"href":"https:\/\/mediocudeyo.es\/web\/wp-json\/wp\/v2\/posts\/6613"}],"collection":[{"href":"https:\/\/mediocudeyo.es\/web\/wp-json\/wp\/v2\/posts"}],"about":[{"href":"https:\/\/mediocudeyo.es\/web\/wp-json\/wp\/v2\/types\/post"}],"author":[{"embeddable":true,"href":"https:\/\/mediocudeyo.es\/web\/wp-json\/wp\/v2\/users\/4"}],"replies":[{"embeddable":true,"href":"https:\/\/mediocudeyo.es\/web\/wp-json\/wp\/v2\/comments?post=6613"}],"version-history":[{"count":0,"href":"https:\/\/mediocudeyo.es\/web\/wp-json\/wp\/v2\/posts\/6613\/revisions"}],"wp:featuredmedia":[{"embeddable":true,"href":"https:\/\/mediocudeyo.es\/web\/wp-json\/"}],"wp:attachment":[{"href":"https:\/\/mediocudeyo.es\/web\/wp-json\/wp\/v2\/media?parent=6613"}],"wp:term":[{"taxonomy":"category","embeddable":true,"href":"https:\/\/mediocudeyo.es\/web\/wp-json\/wp\/v2\/categories?post=6613"},{"taxonomy":"post_tag","embeddable":true,"href":"https:\/\/mediocudeyo.es\/web\/wp-json\/wp\/v2\/tags?post=6613"}],"curies":[{"name":"wp","href":"https:\/\/api.w.org\/{rel}","templated":true}]}}