{"id":6685,"date":"2019-08-01T10:47:48","date_gmt":"2019-08-01T09:47:48","guid":{"rendered":"http:\/\/mediocudeyo.es\/web\/?p=6685"},"modified":"2019-08-01T10:47:48","modified_gmt":"2019-08-01T09:47:48","slug":"horario-centro-cultural-ramon-pelayo-durante-las-fiestas-patronales","status":"publish","type":"post","link":"https:\/\/mediocudeyo.es\/web\/horario-centro-cultural-ramon-pelayo-durante-las-fiestas-patronales\/","title":{"rendered":"HORARIO CENTRO CULTURAL RAM\u00d3N PELAYO DURANTE LAS FIESTAS PATRONALES"},"content":{"rendered":"\n<p>HASTA EL D\u00cdA 14 DE AGOSTO, CON MOTIVO DE LAS FIESTAS PATRONALES, EL HORARIO DE ATENCI\u00d3N AL P\u00daBLICO DEL CENTRO CULTURAL R. PELAYO Y TODOS SUS SERVICIOS DE LUNES A VIERNES SER\u00c1 DE 9:00 A 14:00 H.<\/p>\n","protected":false},"excerpt":{"rendered":"<p>HASTA EL D\u00cdA 14 DE AGOSTO, CON MOTIVO DE LAS FIESTAS PATRONALES, EL HORARIO DE ATENCI\u00d3N AL P\u00daBLICO DEL CENTRO CULTURAL R. PELAYO Y TODOS SUS SERVICIOS DE LUNES A [&hellip;]<\/p>\n","protected":false},"author":4,"featured_media":0,"comment_status":"closed","ping_status":"closed","sticky":false,"template":"","format":"standard","meta":{"footnotes":""},"categories":[59],"tags":[58,123],"class_list":["post-6685","post","type-post","status-publish","format-standard","hentry","category-cultura","tag-centro-cultural-ramon-pelayo","tag-horarios"],"_links":{"self":[{"href":"https:\/\/mediocudeyo.es\/web\/wp-json\/wp\/v2\/posts\/6685"}],"collection":[{"href":"https:\/\/mediocudeyo.es\/web\/wp-json\/wp\/v2\/posts"}],"about":[{"href":"https:\/\/mediocudeyo.es\/web\/wp-json\/wp\/v2\/types\/post"}],"author":[{"embeddable":true,"href":"https:\/\/mediocudeyo.es\/web\/wp-json\/wp\/v2\/users\/4"}],"replies":[{"embeddable":true,"href":"https:\/\/mediocudeyo.es\/web\/wp-json\/wp\/v2\/comments?post=6685"}],"version-history":[{"count":0,"href":"https:\/\/mediocudeyo.es\/web\/wp-json\/wp\/v2\/posts\/6685\/revisions"}],"wp:attachment":[{"href":"https:\/\/mediocudeyo.es\/web\/wp-json\/wp\/v2\/media?parent=6685"}],"wp:term":[{"taxonomy":"category","embeddable":true,"href":"https:\/\/mediocudeyo.es\/web\/wp-json\/wp\/v2\/categories?post=6685"},{"taxonomy":"post_tag","embeddable":true,"href":"https:\/\/mediocudeyo.es\/web\/wp-json\/wp\/v2\/tags?post=6685"}],"curies":[{"name":"wp","href":"https:\/\/api.w.org\/{rel}","templated":true}]}}