{"id":6725,"date":"2019-08-09T10:59:50","date_gmt":"2019-08-09T09:59:50","guid":{"rendered":"http:\/\/mediocudeyo.es\/web\/?p=6725"},"modified":"2019-08-09T10:59:50","modified_gmt":"2019-08-09T09:59:50","slug":"cierre-del-c-c-ramon-pelayo-por-dias-festivos","status":"publish","type":"post","link":"https:\/\/mediocudeyo.es\/web\/cierre-del-c-c-ramon-pelayo-por-dias-festivos\/","title":{"rendered":"CIERRE DEL C. C. RAM\u00d3N PELAYO POR D\u00cdAS FESTIVOS"},"content":{"rendered":"\n<figure class=\"wp-block-image\"><img decoding=\"async\" src=\"http:\/\/mediocudeyo.es\/web\/wp-content\/uploads\/2019\/02\/cerrado.jpg\" alt=\"\" class=\"wp-image-5478\"\/><\/figure>\n\n\n\n<h2 class=\"wp-block-heading\">El jueves 15 y el viernes 16 de agosto el Centro Cultural Ram\u00f3n Pelayo y todos sus servicios permanecer\u00e1n cerrados al p\u00fablico por tratarse de d\u00edas festivos.<\/h2>\n","protected":false},"excerpt":{"rendered":"<p>El jueves 15 y el viernes 16 de agosto el Centro Cultural Ram\u00f3n Pelayo y todos sus servicios permanecer\u00e1n cerrados al p\u00fablico por tratarse de d\u00edas festivos.<\/p>\n","protected":false},"author":4,"featured_media":0,"comment_status":"closed","ping_status":"closed","sticky":false,"template":"","format":"standard","meta":{"footnotes":""},"categories":[59],"tags":[58,123],"class_list":["post-6725","post","type-post","status-publish","format-standard","hentry","category-cultura","tag-centro-cultural-ramon-pelayo","tag-horarios"],"_links":{"self":[{"href":"https:\/\/mediocudeyo.es\/web\/wp-json\/wp\/v2\/posts\/6725"}],"collection":[{"href":"https:\/\/mediocudeyo.es\/web\/wp-json\/wp\/v2\/posts"}],"about":[{"href":"https:\/\/mediocudeyo.es\/web\/wp-json\/wp\/v2\/types\/post"}],"author":[{"embeddable":true,"href":"https:\/\/mediocudeyo.es\/web\/wp-json\/wp\/v2\/users\/4"}],"replies":[{"embeddable":true,"href":"https:\/\/mediocudeyo.es\/web\/wp-json\/wp\/v2\/comments?post=6725"}],"version-history":[{"count":0,"href":"https:\/\/mediocudeyo.es\/web\/wp-json\/wp\/v2\/posts\/6725\/revisions"}],"wp:attachment":[{"href":"https:\/\/mediocudeyo.es\/web\/wp-json\/wp\/v2\/media?parent=6725"}],"wp:term":[{"taxonomy":"category","embeddable":true,"href":"https:\/\/mediocudeyo.es\/web\/wp-json\/wp\/v2\/categories?post=6725"},{"taxonomy":"post_tag","embeddable":true,"href":"https:\/\/mediocudeyo.es\/web\/wp-json\/wp\/v2\/tags?post=6725"}],"curies":[{"name":"wp","href":"https:\/\/api.w.org\/{rel}","templated":true}]}}