{"id":6862,"date":"2019-09-06T08:55:37","date_gmt":"2019-09-06T07:55:37","guid":{"rendered":"http:\/\/mediocudeyo.es\/web\/?p=6862"},"modified":"2019-09-06T08:55:37","modified_gmt":"2019-09-06T07:55:37","slug":"dia-del-cooperante","status":"publish","type":"post","link":"https:\/\/mediocudeyo.es\/web\/dia-del-cooperante\/","title":{"rendered":"EXPOSICI\u00d3N: D\u00cdA DEL COOPERANTE"},"content":{"rendered":"\n<h2 class=\"wp-block-heading\"><\/h2>\n\n\n\n<figure class=\"wp-block-image\"><img decoding=\"async\" src=\"http:\/\/mediocudeyo.es\/web\/wp-content\/uploads\/2019\/09\/2019082919231668168-1.jpg\" alt=\"\" class=\"wp-image-6865\"\/><\/figure>\n\n\n\n<p>El pr\u00f3ximo domingo 8 de\nseptiembre se celebra el D\u00eda del Cooperante con el objetivo de reconocer el\ntrabajo de todas aquellas personas que luchan por la construcci\u00f3n de una\nsociedad m\u00e1s justa, pac\u00edfica e igualitaria.<\/p>\n\n\n\n<p>Desde la Concejal\u00eda de Cultura, Educaci\u00f3n, Infancia y Juventud y de la Biblioteca Municipal del Centro Cultural Ram\u00f3n Pelayo nos hemos querido unir a esta iniciativa que nos propone la Direcci\u00f3n General de Cooperaci\u00f3n al Desarrollo y el Fondo Cantabria Coopera y hemos organizado una exposici\u00f3n en la que podr\u00e9is encontrar lecturas recomendadas e informaci\u00f3n relacionada con la cooperaci\u00f3n, la igualdad, los derechos humanos y el cuidado del medio ambiente.<\/p>\n\n\n\n<p>Del 8 al 13 de septiembre, lunes a viernes de 10 a 13 y de 16 a 20 h.<\/p>\n\n\n\n<p><\/p>\n\n\n\n<p>\u00a1An\u00edmate y ven a visitarnos!<\/p>\n\n\n\n<p><\/p>\n","protected":false},"excerpt":{"rendered":"<p>El pr\u00f3ximo domingo 8 de septiembre se celebra el D\u00eda del Cooperante con el objetivo de reconocer el trabajo de todas aquellas personas que luchan por la construcci\u00f3n de una [&hellip;]<\/p>\n","protected":false},"author":4,"featured_media":0,"comment_status":"closed","ping_status":"closed","sticky":false,"template":"","format":"standard","meta":{"footnotes":""},"categories":[59],"tags":[84,58,302,87],"class_list":["post-6862","post","type-post","status-publish","format-standard","hentry","category-cultura","tag-biblioteca","tag-centro-cultural-ramon-pelayo","tag-dia-del-cooperante","tag-exposicion"],"_links":{"self":[{"href":"https:\/\/mediocudeyo.es\/web\/wp-json\/wp\/v2\/posts\/6862"}],"collection":[{"href":"https:\/\/mediocudeyo.es\/web\/wp-json\/wp\/v2\/posts"}],"about":[{"href":"https:\/\/mediocudeyo.es\/web\/wp-json\/wp\/v2\/types\/post"}],"author":[{"embeddable":true,"href":"https:\/\/mediocudeyo.es\/web\/wp-json\/wp\/v2\/users\/4"}],"replies":[{"embeddable":true,"href":"https:\/\/mediocudeyo.es\/web\/wp-json\/wp\/v2\/comments?post=6862"}],"version-history":[{"count":0,"href":"https:\/\/mediocudeyo.es\/web\/wp-json\/wp\/v2\/posts\/6862\/revisions"}],"wp:attachment":[{"href":"https:\/\/mediocudeyo.es\/web\/wp-json\/wp\/v2\/media?parent=6862"}],"wp:term":[{"taxonomy":"category","embeddable":true,"href":"https:\/\/mediocudeyo.es\/web\/wp-json\/wp\/v2\/categories?post=6862"},{"taxonomy":"post_tag","embeddable":true,"href":"https:\/\/mediocudeyo.es\/web\/wp-json\/wp\/v2\/tags?post=6862"}],"curies":[{"name":"wp","href":"https:\/\/api.w.org\/{rel}","templated":true}]}}