{"id":6937,"date":"2019-09-20T13:01:48","date_gmt":"2019-09-20T12:01:48","guid":{"rendered":"http:\/\/mediocudeyo.es\/web\/?p=6937"},"modified":"2019-09-20T13:01:48","modified_gmt":"2019-09-20T12:01:48","slug":"alumnado-admitido-talleres-de-escuelas-culturales-medio-cudeyo-2019-2020","status":"publish","type":"post","link":"https:\/\/mediocudeyo.es\/web\/alumnado-admitido-talleres-de-escuelas-culturales-medio-cudeyo-2019-2020\/","title":{"rendered":"ALUMNADO ADMITIDO EN LOS TALLERES DE LAS ESCUELAS CULTURALES DE MEDIO CUDEYO 2019-2020"},"content":{"rendered":"\n<figure class=\"wp-block-image\"><img decoding=\"async\" src=\"http:\/\/mediocudeyo.es\/web\/wp-content\/uploads\/2019\/07\/EE.CC-CARTEL-general-JPG-724x1024.jpg\" alt=\"\" class=\"wp-image-6614\"\/><\/figure>\n\n\n\n<h2 class=\"wp-block-heading\">A partir del lunes 23 de septiembre y durante toda la semana todas las personas admitidas en los talleres deber\u00e1n reguralizar su matr\u00edcula en el Punto de Informaci\u00f3n Municipal de lunes a viernes de 9:00-20:30h. A continuaci\u00f3n pueden ver los litados por talleres.<\/h2>\n\n\n\n<!--more-->\n\n\n\n<h2 class=\"wp-block-heading\">TALLER DE TEATRO (ADULTOS) <\/h2>\n\n\n\n<table class=\"wp-block-table\"><tbody><tr><td>Abascal\n  Abascal, Jos\u00e9 Antonio<\/td><\/tr><tr><td>Antol\u00edn Hazas,\n  M\u00aa Rosa<\/td><\/tr><tr><td>Canales\n  Garc\u00eda, M\u00ba Antonia<\/td><\/tr><tr><td>Cortabitarte\n  Taz\u00f3n, Antonio<\/td><\/tr><tr><td>Dominguez\n  Moneo, Jos\u00e9 Fernando<\/td><\/tr><tr><td>Fern\u00e1ndez\n  As\u00faa, Gely<\/td><\/tr><tr><td>Garc\u00eda\n  Fern\u00e1ndez, Aitana<\/td><\/tr><tr><td>Gonz\u00e1lez-Garz\u00f3n\n  Final, Clara<\/td><\/tr><tr><td>Herrero Agudo,\n  Luc\u00eda<\/td><\/tr><tr><td>Lorenzo\n  Vicente, Elvira<\/td><\/tr><tr><td>Merino\n  Mart\u00ednez, Beatr\u00edz<\/td><\/tr><tr><td>Moral Pas\u00edn,\n  Luc\u00eda<\/td><\/tr><tr><td>Pascual\n  Cuevas, Inmaculada<\/td><\/tr><tr><td>Pascual Lastra, Valent\u00edn<\/td><\/tr><tr><td>P\u00e9rez Robles,\n  M\u00ba Jes\u00fas<\/td><\/tr><tr><td>Riera\n  Gonz\u00e1lez, Beatr\u00edz<\/td><\/tr><tr><td>Ruiz Gonz\u00e1lez,\n  Laura<\/td><\/tr><tr><td>Ruiz Vadillo,\n  Marcos<\/td><\/tr><tr><td>Sastre \u00c1lvarez\n  Rosa M\u00ba<\/td><\/tr><tr><td>Solana Bolado,\n  Consuelo<\/td><\/tr><tr><td>Ter\u00e1n Romano,\n  C\u00e9sar<\/td><\/tr><tr><td>Vald\u00e9s Bilbao,\n  Pilar<\/td><\/tr><tr><td>Villegas\n  L\u00f3pez, Tamara<\/td><\/tr><\/tbody><\/table>\n\n\n\n<h2 class=\"wp-block-heading\">TALLER DE TEATRO (JUVENIL)<\/h2>\n\n\n\n<table class=\"wp-block-table\"><tbody><tr><td>Alonso\n  Arnaiz, Helena<\/td><\/tr><tr><td>Gacinu\u00f1o Urbieta, Laura<\/td><\/tr><tr><td>Garc\u00eda Pe\u00f1a,\n  Raquel<\/td><\/tr><tr><td>G\u00f3mez Campo, Andrea<\/td><\/tr><tr><td>Gomez Campo, Marina<\/td><\/tr><tr><td>Gomez Mu\u00f1oz, Juan David<\/td><\/tr><tr><td>Herrero Agudo, Irene<\/td><\/tr><tr><td>Leiton Guti\u00e9rrez, Tomas Wang<\/td><\/tr><tr><td>L\u00f3pez Barros, Ana<\/td><\/tr><tr><td>L\u00f3pez Delgado, Jana<\/td><\/tr><tr><td>Monasterio Blanchard, Zoe<\/td><\/tr><tr><td>P\u00e9rez Romero, Celia<\/td><\/tr><tr><td>Rivas Garc\u00eda, Manuel<\/td><\/tr><tr><td>Ruiz Rozas, Marta<\/td><\/tr><tr><td>Valle Echevarria, Asier<\/td><\/tr><\/tbody><\/table>\n\n\n\n<h2 class=\"wp-block-heading\">TALLER DE TEATRO (INFANTIL)<\/h2>\n\n\n\n<table class=\"wp-block-table\"><tbody><tr><td>Fern\u00e1ndez\n  L\u00f3pez, Salma<\/td><\/tr><tr><td>Bustillo D\u00edaz,\n  Iria<\/td><\/tr><tr><td>Bustillo D\u00edaz,\n  Oliver<\/td><\/tr><tr><td>Crespo Ocer\u00edn,\n  Julia<\/td><\/tr><tr><td>Firmado\n  Santana, Lorena C.<\/td><\/tr><tr><td>Higuera\n  Elices, Itsaso<\/td><\/tr><tr><td>P\u00e9rez Romero,\n  Jorge<\/td><\/tr><tr><td>Portilla Hoz,\n  Lara<\/td><\/tr><tr><td>Quintana Haya,\n  Elena<\/td><\/tr><tr><td>San Sebasti\u00e1n\n  Barqu\u00edn, \u00c1frica<\/td><\/tr><tr><td>Santos Torre,\n  Angelica<\/td><\/tr><tr><td>Stratan, Maria\n  Magdalena<\/td><\/tr><\/tbody><\/table>\n\n\n\n<h2 class=\"wp-block-heading\">TALLER DE AJEDREZ<\/h2>\n\n\n\n<table class=\"wp-block-table\"><tbody><tr><td>Araujo\n  Seco, Clara<\/td><\/tr><tr><td>Araujo Seco,\n  Jos\u00e9<\/td><\/tr><tr><td>Araujo Seco,\n  Mart\u00edn<\/td><\/tr><tr><td>Arnaut,\n  Alexandru<\/td><\/tr><tr><td>Cuesta\n  Hern\u00e1ndez, Aar\u00f3n<\/td><\/tr><tr><td>Eghaghe Mercy<\/td><\/tr><tr><td>Firmado\n  Santana, Lorena C.<\/td><\/tr><tr><td>Herrero Toca,\n  \u00c1lvaro<\/td><\/tr><tr><td>Lav\u00edn L\u00f3pez,\n  \u00c1lvaro<\/td><\/tr><tr><td>Mart\u00edn\n  Santamar\u00eda, Gael<\/td><\/tr><tr><td>Mart\u00edn\n  Santamar\u00eda, Javier<\/td><\/tr><tr><td>Mart\u00edn\n  Santamar\u00eda, Vega<\/td><\/tr><tr><td>Ortigado\n  Cedr\u00fan, Fernando<\/td><\/tr><tr><td>Ortiz\n  Villegas, Antonio<\/td><\/tr><tr><td>Otalvaro ,\n  Samuel David<\/td><\/tr><tr><td>Quintana\n  Abascal, Manuel<\/td><\/tr><tr><td>Rodriguez\n  Fern\u00e1ndez, Daniel<\/td><\/tr><tr><td>Ruiz Garc\u00eda,\n  Mar\u00eda Lian<\/td><\/tr><tr><td>Ru\u00edz Quintana,\n  Rodrigo<\/td><\/tr><tr><td>Var\u00f3n Lozano,\n  Yorgy Andr\u00e9s<\/td><\/tr><\/tbody><\/table>\n\n\n\n<h2 class=\"wp-block-heading\">TALLER DE LITTLE CHEF<\/h2>\n\n\n\n<h2 class=\"wp-block-heading\"><\/h2>\n\n\n\n<table class=\"wp-block-table\"><tbody><tr><td>Cobo\n  Fonfr\u00eda, Marcos<\/td><\/tr><tr><td>G\u00f3mez G\u00f3mez,\n  Daniel<\/td><\/tr><tr><td>Guerra\n  Castillo, Isabel<\/td><\/tr><tr><td>Guti\u00e9rrez\n  Moreno, Amelia<\/td><\/tr><tr><td>Mart\u00ednez\n  Diego, Manuela<\/td><\/tr><tr><td>Mora Gonz\u00e1lez,\n  Adriana<\/td><\/tr><tr><td>P\u00e9rez Romero,\n  Jorge<\/td><\/tr><tr><td>Quintero\n  Alonso, Ceydi Antonella<\/td><\/tr><tr><td>Redondo Bedia,\n  Carla<\/td><\/tr><tr><td>Saavedra\n  L\u00f3pez, \u00c1lvaro<\/td><\/tr><tr><td>Saiz Bogajo,\n  Ana<\/td><\/tr><tr><td>Torres Colque,\n  Ryan Adri\u00e1n<\/td><\/tr><\/tbody><\/table>\n\n\n\n<p><\/p>\n\n\n\n<h2 class=\"wp-block-heading\"><\/h2>\n\n\n\n<table class=\"wp-block-table\"><tbody><tr><td>G\u00e1ndara\n  Fern\u00e1ndez, Alejandro<\/td><\/tr><tr><td>Garc\u00eda Le\u00f3n,\n  Romeo Mart\u00ed<\/td><\/tr><tr><td>Mart\u00edn Arroyo,\n  Aitor<\/td><\/tr><tr><td>Mart\u00edn Arroyo,\n  Rodrigo<\/td><\/tr><tr><td>Mart\u00edn\n  S\u00e1nchez, Adri\u00e1n<\/td><\/tr><tr><td>Moreno Silva,\n  Julen<\/td><\/tr><tr><td>Prieto Del\n  Ferrero, Deva<\/td><\/tr><tr><td>Ru\u00edz Rozas,\n  Celia<\/td><\/tr><tr><td>Ru\u00edz Rozas,\n  Diego<\/td><\/tr><tr><td>Sa\u00f1udo Diego,\n  Celia<\/td><\/tr><tr><td>Solorzano\n  Zamanillo, Carmen<\/td><\/tr><\/tbody><\/table>\n\n\n\n<h2 class=\"wp-block-heading\">TALLER DE FOTOGRAF\u00cdA<\/h2>\n\n\n\n<table class=\"wp-block-table\"><tbody><tr><td>Barqu\u00edn\n  Olmedo, Marina<\/td><\/tr><tr><td>De Miguel\n  Menchaca, Vanesa<\/td><\/tr><tr><td>Esteban\n  Mart\u00edn, Concepci\u00f3n<\/td><\/tr><tr><td>Garc\u00eda\n  Rodr\u00edguez, Amparo<\/td><\/tr><tr><td>Guti\u00e9rrez\n  Garc\u00eda, M\u00ba Teresa<\/td><\/tr><tr><td>P\u00e9rez Ochoa,\n  \u00c1gata<\/td><\/tr><tr><td>Rivero de la\n  Hoz, M\u00aa Eva<\/td><\/tr><tr><td>Ruiz Andr\u00e9s,\n  Hector<\/td><\/tr><tr><td>Ru\u00edz Prieto,\n  Ana<\/td><\/tr><tr><td>S\u00e1nchez L\u00f3pez,\n  Noelia<\/td><\/tr><tr><td>Sant\u00edn\n  Rodrigo, M\u00aa Eugenia<\/td><\/tr><tr><td>Temprano\n  Sierra, David<\/td><\/tr><\/tbody><\/table>\n\n\n\n<h2 class=\"wp-block-heading\">TALLER DE TAICH\u00cd<\/h2>\n\n\n\n<table class=\"wp-block-table\"><tbody><tr><td>Ajuria\n  Fern\u00e1ndez, Lorena<\/td><\/tr><tr><td>Ateca Madrazo,\n  Carmen Mar\u00eda<\/td><\/tr><tr><td>Bolivar\n  Garrido, M\u00aa del Pilar<\/td><\/tr><tr><td>Cerezo\n  Asensio, Margarita<\/td><\/tr><tr><td>Dominguez\n  Moneo, Joa\u00e9 Fernando<\/td><\/tr><tr><td>L\u00f3pez Puente,\n  M\u00aa Bego\u00f1a<\/td><\/tr><tr><td>Merino\n  Mart\u00ednez, Beatriz<\/td><\/tr><tr><td>Payo Bahillo,\n  Anunciaci\u00f3n<\/td><\/tr><tr><td>Santander\n  Fern\u00e1ndez, Sara<\/td><\/tr><tr><td>Solana Bolado,\n  Consuelo<\/td><\/tr><\/tbody><\/table>\n\n\n\n<h2 class=\"wp-block-heading\">TALLER DE YOGA INFANTIL<\/h2>\n\n\n\n<h2 class=\"wp-block-heading\"><\/h2>\n\n\n\n<table class=\"wp-block-table\"><tbody><tr><td>Arce\n  Soto, Luc\u00eda<\/td><\/tr><tr><td>Espa\u00f1a Iturbe,\n  Alvaro<\/td><\/tr><tr><td>Garc\u00eda Le\u00f3n,\n  Romeo Mart\u00ed<\/td><\/tr><tr><td>Monasterio\n  Blanchard, Jana<\/td><\/tr><tr><td>Quintana\n  Revilla, Candela<\/td><\/tr><tr><td>Vieira\n  Gallego, Juli\u00e1n Jos\u00e9<\/td><\/tr><\/tbody><\/table>\n\n\n\n<h2 class=\"wp-block-heading\">TALLER DE ROB\u00d3TICA<\/h2>\n\n\n\n<h2 class=\"wp-block-heading\"><\/h2>\n\n\n\n<table class=\"wp-block-table\"><tbody><tr><td>Mayo\n  Centeno, Hugo<\/td><\/tr><tr><td>Dami\u00e1n\n  Casa\u00f1as, Juan Jes\u00fas<\/td><\/tr><tr><td>Baldwin,\n  Annabelle<\/td><\/tr><tr><td>Baldwin, Julia<\/td><\/tr><tr><td><\/td><\/tr><tr><td>Alonso Florez, Ra\u00fal<\/td><\/tr><tr><td>Alonso\n  Requivila, Mateo<\/td><\/tr><tr><td>Arce Ort\u00edz,\n  Eloy<\/td><\/tr><tr><td>Arroyo\n  Pedraja, Daniela<\/td><\/tr><tr><td>Barreras\n  Barrio, Daniel<\/td><\/tr><tr><td>Caballero\n  Duarte, Ander Imanol<\/td><\/tr><tr><td>Carrera Vayas,\n  Leo<\/td><\/tr><tr><td>Casta\u00f1eda\n  Santander, Carlos<\/td><\/tr><tr><td>Catena\n  Abascal, Daniela<\/td><\/tr><tr><td>Catena\n  Abascal, Nicol\u00e1s<\/td><\/tr><tr><td>Chanca\n  Pacheco, Iker<\/td><\/tr><tr><td>Crespo Ocer\u00edn,\n  Julia<\/td><\/tr><tr><td>Cruchaga\n  Higuera, Alejo<\/td><\/tr><tr><td>Cruchaga\n  Higuera, Roberto<\/td><\/tr><tr><td>Del Olmo\n  Herrero, Bruno<\/td><\/tr><tr><td>Hern\u00e1ndez\n  Mart\u00ednez, \u00c1lex<\/td><\/tr><tr><td>Mart\u00edn\n  S\u00e1nchez, Adri\u00e1n<\/td><\/tr><tr><td>Mesa Merino,\n  Marcos<\/td><\/tr><tr><td>Puente Ganzo,\n  Julia<\/td><\/tr><tr><td>Ruiz Escudero,\n  Rom\u00e1n<\/td><\/tr><tr><td>S\u00e1nchez\n  Perojo, Alejandro<\/td><\/tr><tr><td>S\u00e1nchez\n  Perojo, Amanda<\/td><\/tr><tr><td>Scafa Ria\u00f1o,\n  Mario<\/td><\/tr><tr><td>Zamora\n  Guti\u00e9rrez, H\u00e9ctor<\/td><\/tr><\/tbody><\/table>\n\n\n\n<p><\/p>\n","protected":false},"excerpt":{"rendered":"<p>A partir del lunes 23 de septiembre y durante toda la semana todas las personas admitidas en los talleres deber\u00e1n reguralizar su matr\u00edcula en el Punto de Informaci\u00f3n Municipal de [&hellip;]<\/p>\n","protected":false},"author":4,"featured_media":0,"comment_status":"closed","ping_status":"closed","sticky":false,"template":"","format":"standard","meta":{"footnotes":""},"categories":[59],"tags":[281],"class_list":["post-6937","post","type-post","status-publish","format-standard","hentry","category-cultura","tag-talleres-de-las-escuelas-culturales-de-medio-cudeyo"],"_links":{"self":[{"href":"https:\/\/mediocudeyo.es\/web\/wp-json\/wp\/v2\/posts\/6937"}],"collection":[{"href":"https:\/\/mediocudeyo.es\/web\/wp-json\/wp\/v2\/posts"}],"about":[{"href":"https:\/\/mediocudeyo.es\/web\/wp-json\/wp\/v2\/types\/post"}],"author":[{"embeddable":true,"href":"https:\/\/mediocudeyo.es\/web\/wp-json\/wp\/v2\/users\/4"}],"replies":[{"embeddable":true,"href":"https:\/\/mediocudeyo.es\/web\/wp-json\/wp\/v2\/comments?post=6937"}],"version-history":[{"count":0,"href":"https:\/\/mediocudeyo.es\/web\/wp-json\/wp\/v2\/posts\/6937\/revisions"}],"wp:attachment":[{"href":"https:\/\/mediocudeyo.es\/web\/wp-json\/wp\/v2\/media?parent=6937"}],"wp:term":[{"taxonomy":"category","embeddable":true,"href":"https:\/\/mediocudeyo.es\/web\/wp-json\/wp\/v2\/categories?post=6937"},{"taxonomy":"post_tag","embeddable":true,"href":"https:\/\/mediocudeyo.es\/web\/wp-json\/wp\/v2\/tags?post=6937"}],"curies":[{"name":"wp","href":"https:\/\/api.w.org\/{rel}","templated":true}]}}