{"id":7049,"date":"2019-10-14T09:44:03","date_gmt":"2019-10-14T08:44:03","guid":{"rendered":"http:\/\/mediocudeyo.es\/web\/?p=7049"},"modified":"2019-10-14T09:44:03","modified_gmt":"2019-10-14T08:44:03","slug":"teatro-la-paz-y-otras-lunas","status":"publish","type":"post","link":"https:\/\/mediocudeyo.es\/web\/teatro-la-paz-y-otras-lunas\/","title":{"rendered":"TEATRO: LA PAZ Y OTRAS LUNAS"},"content":{"rendered":"\n<figure class=\"wp-block-image\"><img decoding=\"async\" src=\"http:\/\/mediocudeyo.es\/web\/wp-content\/uploads\/2019\/10\/FusionARTE.-Cartel-19-de-octubre-JPG-724x1024.jpg\" alt=\"\" class=\"wp-image-7050\"\/><\/figure>\n\n\n\n<p><strong>Sinopsis:<\/strong> Trigeo, un campesino ateniense, est\u00e1 cansado de la guerra y de que haya tanta necesidad y sufrimiento. Hace un largo viaje hasta el Olimpo con el firme prop\u00f3sito de rescatar a la Paz, secuestrada por Ares, el dios de la guerra. Los comediantes que representan la obra van creando su propia versi\u00f3n de la historia, quej\u00e1ndose de las ocurrencias de Arist\u00f3fanes. Dos mundos paralelos para esta s\u00e1tira.<\/p>\n\n\n\n<!--more-->\n\n\n\n<p><strong>Ezezagunok &#8211; L@s Desconocid@s Antzerki Elkartea<\/strong><\/p>\n\n\n\n<p>Somos una asociaci\u00f3n teatral sin \u00e1nimo de lucro fundada en 2008.<\/p>\n\n\n\n<p>Nuestra actividad est\u00e1 orientada a dar formaci\u00f3n teatral y a la representaci\u00f3n p\u00fablica de montajes teatrales con actores y actrices en situaci\u00f3n de discapacidad intelectual y tambi\u00e9n  a proveer a sus participantes, a trav\u00e9s de las din\u00e1micas propias del teatro, de herramientas que sean de utilidad en la vida diaria.<\/p>\n","protected":false},"excerpt":{"rendered":"<p>Sinopsis: Trigeo, un campesino ateniense, est\u00e1 cansado de la guerra y de que haya tanta necesidad y sufrimiento. Hace un largo viaje hasta el Olimpo con el firme prop\u00f3sito de [&hellip;]<\/p>\n","protected":false},"author":4,"featured_media":0,"comment_status":"closed","ping_status":"closed","sticky":false,"template":"","format":"standard","meta":{"footnotes":""},"categories":[59],"tags":[58,82,83],"class_list":["post-7049","post","type-post","status-publish","format-standard","hentry","category-cultura","tag-centro-cultural-ramon-pelayo","tag-fusionarte","tag-teatro"],"_links":{"self":[{"href":"https:\/\/mediocudeyo.es\/web\/wp-json\/wp\/v2\/posts\/7049"}],"collection":[{"href":"https:\/\/mediocudeyo.es\/web\/wp-json\/wp\/v2\/posts"}],"about":[{"href":"https:\/\/mediocudeyo.es\/web\/wp-json\/wp\/v2\/types\/post"}],"author":[{"embeddable":true,"href":"https:\/\/mediocudeyo.es\/web\/wp-json\/wp\/v2\/users\/4"}],"replies":[{"embeddable":true,"href":"https:\/\/mediocudeyo.es\/web\/wp-json\/wp\/v2\/comments?post=7049"}],"version-history":[{"count":0,"href":"https:\/\/mediocudeyo.es\/web\/wp-json\/wp\/v2\/posts\/7049\/revisions"}],"wp:attachment":[{"href":"https:\/\/mediocudeyo.es\/web\/wp-json\/wp\/v2\/media?parent=7049"}],"wp:term":[{"taxonomy":"category","embeddable":true,"href":"https:\/\/mediocudeyo.es\/web\/wp-json\/wp\/v2\/categories?post=7049"},{"taxonomy":"post_tag","embeddable":true,"href":"https:\/\/mediocudeyo.es\/web\/wp-json\/wp\/v2\/tags?post=7049"}],"curies":[{"name":"wp","href":"https:\/\/api.w.org\/{rel}","templated":true}]}}