{"id":7090,"date":"2019-10-21T09:58:31","date_gmt":"2019-10-21T08:58:31","guid":{"rendered":"http:\/\/mediocudeyo.es\/web\/?p=7090"},"modified":"2019-10-21T09:58:31","modified_gmt":"2019-10-21T08:58:31","slug":"cafe-cantante","status":"publish","type":"post","link":"https:\/\/mediocudeyo.es\/web\/cafe-cantante\/","title":{"rendered":"CAF\u00c9 CANTANTE"},"content":{"rendered":"\n<figure class=\"wp-block-image\"><img decoding=\"async\" src=\"http:\/\/mediocudeyo.es\/web\/wp-content\/uploads\/2019\/10\/FusionARTE.-Cartel-25-octubre-JPG-724x1024.jpg\" alt=\"\" class=\"wp-image-7091\"\/><\/figure>\n\n\n\n<p>Homenaje a los \u00abCaf\u00e9s del Cante\u00bb que empezaron a surgir por casi toda Espa\u00f1a a finales del siglo XIX. En ellos se forj\u00f3 el baile del flamenco tal y como hoy lo conocemos provocando la profesionalizaci\u00f3n de muchos artistas del cante, el toque y el baile. En ellos se cre\u00f3 e inici\u00f3 una carrera de enriquecimiento del flamenco que llega hasta nuestros d\u00edas.<\/p>\n\n\n\n<!--more-->\n\n\n\n<p>\u00abCaf\u00e9 Cantante\u00bb es un recorrido por los palos mas tradicionales, una selecci\u00f3n de diferentes estilos unidos sin hilo argumental. Con la \u00fanica misi\u00f3n de transmitir al p\u00fablico una mirada de respeto hacia el sabor a\u00f1ejo del flamenco, el elegante, el austero&#8230; pero con la intenci\u00f3n de mirarlo y sentirlo con cari\u00f1o, con ojos del presente.<\/p>\n\n\n\n<p>Sobre la compa\u00f1\u00eda: \u00abAl aire\u00bb es una \u00abintenci\u00f3n\u00bb flamenca, que nace de las ganas de investigar, crear, tocar, y bailar de la bailaora Luc\u00eda Serrano y el percusionista Dani Pe\u00f1a en agosto de 2015 con el deseo de visibilizar y fomentar el flamenco en Cantabria y en el norte de Espa\u00f1a.<\/p>\n\n\n\n<p>Es una formaci\u00f3n que var\u00eda sus componentes seg\u00fan el momento, el lugar y la ocasi\u00f3n. Cante, toque, baile y percusi\u00f3n al servicio de las circunstancias. Flamenco en esencia.<\/p>\n","protected":false},"excerpt":{"rendered":"<p>Homenaje a los \u00abCaf\u00e9s del Cante\u00bb que empezaron a surgir por casi toda Espa\u00f1a a finales del siglo XIX. En ellos se forj\u00f3 el baile del flamenco tal y como [&hellip;]<\/p>\n","protected":false},"author":4,"featured_media":0,"comment_status":"closed","ping_status":"closed","sticky":false,"template":"","format":"standard","meta":{"footnotes":""},"categories":[59],"tags":[58,90,82],"class_list":["post-7090","post","type-post","status-publish","format-standard","hentry","category-cultura","tag-centro-cultural-ramon-pelayo","tag-concierto","tag-fusionarte"],"_links":{"self":[{"href":"https:\/\/mediocudeyo.es\/web\/wp-json\/wp\/v2\/posts\/7090"}],"collection":[{"href":"https:\/\/mediocudeyo.es\/web\/wp-json\/wp\/v2\/posts"}],"about":[{"href":"https:\/\/mediocudeyo.es\/web\/wp-json\/wp\/v2\/types\/post"}],"author":[{"embeddable":true,"href":"https:\/\/mediocudeyo.es\/web\/wp-json\/wp\/v2\/users\/4"}],"replies":[{"embeddable":true,"href":"https:\/\/mediocudeyo.es\/web\/wp-json\/wp\/v2\/comments?post=7090"}],"version-history":[{"count":0,"href":"https:\/\/mediocudeyo.es\/web\/wp-json\/wp\/v2\/posts\/7090\/revisions"}],"wp:attachment":[{"href":"https:\/\/mediocudeyo.es\/web\/wp-json\/wp\/v2\/media?parent=7090"}],"wp:term":[{"taxonomy":"category","embeddable":true,"href":"https:\/\/mediocudeyo.es\/web\/wp-json\/wp\/v2\/categories?post=7090"},{"taxonomy":"post_tag","embeddable":true,"href":"https:\/\/mediocudeyo.es\/web\/wp-json\/wp\/v2\/tags?post=7090"}],"curies":[{"name":"wp","href":"https:\/\/api.w.org\/{rel}","templated":true}]}}