{"id":72,"date":"2016-08-25T10:47:06","date_gmt":"2016-08-25T10:47:06","guid":{"rendered":"http:\/\/mediocudeyo.es\/web\/?p=72"},"modified":"2016-08-25T10:47:06","modified_gmt":"2016-08-25T10:47:06","slug":"video-documental-sobre-la-igualdad-de-genero-en-medio-cudeyo","status":"publish","type":"post","link":"https:\/\/mediocudeyo.es\/web\/video-documental-sobre-la-igualdad-de-genero-en-medio-cudeyo\/","title":{"rendered":"Video-Documental sobre la igualdad de g\u00e9nero en Medio Cudeyo"},"content":{"rendered":"<p>V\u00eddeo-documental que ahonda en la igualdad de g\u00e9nero y la opini\u00f3n que tienen en el municipio de Medio Cudeyo las ni\u00f1as y ni\u00f1os, los adolescentes y las personas mayores sobre los por qu\u00e9s de la desigualdad entre hombres y mujeres.<\/p>\n<p><iframe title=\"25 de noviembre D\u00eda de la Eliminaci\u00f3n de la violencia contra la mujer\" width=\"500\" height=\"281\" src=\"https:\/\/www.youtube.com\/embed\/OBekdANRrpE?feature=oembed\" frameborder=\"0\" allow=\"accelerometer; autoplay; clipboard-write; encrypted-media; gyroscope; picture-in-picture; web-share\" referrerpolicy=\"strict-origin-when-cross-origin\" allowfullscreen><\/iframe><\/p>\n<p><!--more--><\/p>\n<p>Esta iniciativa surge para conmemorar el d\u00eda de la eliminaci\u00f3n de la violencia contra la mujer.<\/p>\n<p>Organizan: Concejal\u00eda de Igualdad, Bienestar Social, y Atenci\u00f3n y Participaci\u00f3n Ciudadana, y Concejal\u00eda de Educaci\u00f3n, Cultura y Juventud del Ayuntamiento de Medio Cudeyo.<\/p>\n<p>Grabaci\u00f3n, Sonido y Edici\u00f3n: In\u00e9s Ortiz Granel.<\/p>\n<p>Dise\u00f1o, creaci\u00f3n y dinamizaci\u00f3n: Lorena Pacheco Berm\u00fadez.<\/p>\n","protected":false},"excerpt":{"rendered":"<p>V\u00eddeo-documental que ahonda en la igualdad de g\u00e9nero y la opini\u00f3n que tienen en el municipio de Medio Cudeyo las ni\u00f1as y ni\u00f1os, los adolescentes y las personas mayores sobre [&hellip;]<\/p>\n","protected":false},"author":2,"featured_media":0,"comment_status":"closed","ping_status":"open","sticky":false,"template":"","format":"standard","meta":{"footnotes":""},"categories":[59],"tags":[67,68,69],"class_list":["post-72","post","type-post","status-publish","format-standard","hentry","category-cultura","tag-documental","tag-igualdad","tag-video"],"_links":{"self":[{"href":"https:\/\/mediocudeyo.es\/web\/wp-json\/wp\/v2\/posts\/72"}],"collection":[{"href":"https:\/\/mediocudeyo.es\/web\/wp-json\/wp\/v2\/posts"}],"about":[{"href":"https:\/\/mediocudeyo.es\/web\/wp-json\/wp\/v2\/types\/post"}],"author":[{"embeddable":true,"href":"https:\/\/mediocudeyo.es\/web\/wp-json\/wp\/v2\/users\/2"}],"replies":[{"embeddable":true,"href":"https:\/\/mediocudeyo.es\/web\/wp-json\/wp\/v2\/comments?post=72"}],"version-history":[{"count":0,"href":"https:\/\/mediocudeyo.es\/web\/wp-json\/wp\/v2\/posts\/72\/revisions"}],"wp:attachment":[{"href":"https:\/\/mediocudeyo.es\/web\/wp-json\/wp\/v2\/media?parent=72"}],"wp:term":[{"taxonomy":"category","embeddable":true,"href":"https:\/\/mediocudeyo.es\/web\/wp-json\/wp\/v2\/categories?post=72"},{"taxonomy":"post_tag","embeddable":true,"href":"https:\/\/mediocudeyo.es\/web\/wp-json\/wp\/v2\/tags?post=72"}],"curies":[{"name":"wp","href":"https:\/\/api.w.org\/{rel}","templated":true}]}}