{"id":7208,"date":"2019-11-05T10:13:21","date_gmt":"2019-11-05T09:13:21","guid":{"rendered":"http:\/\/mediocudeyo.es\/web\/?p=7208"},"modified":"2019-11-05T10:13:21","modified_gmt":"2019-11-05T09:13:21","slug":"filmoteca-varados","status":"publish","type":"post","link":"https:\/\/mediocudeyo.es\/web\/filmoteca-varados\/","title":{"rendered":"FILMOTECA: VARADOS"},"content":{"rendered":"\n<figure class=\"wp-block-image\"><img decoding=\"async\" src=\"http:\/\/mediocudeyo.es\/web\/wp-content\/uploads\/2019\/11\/varados-422034682-large-724x1024.jpg\" alt=\"\" class=\"wp-image-7209\"\/><\/figure>\n\n\n\n<p>Lunes 11 de noviembre, 20:00 h.<\/p>\n\n\n\n<p>Centro Cultural Ram\u00f3n Pelayo (Solares)<\/p>\n\n\n\n<p>Precio \u00fanico: 2,50\u20ac<\/p>\n\n\n\n<p> Calificaci\u00f3n: APTA PARA  TODOS LOS P\u00daBLICOS                                                                                                                                                                                                                                                       <\/p>\n\n\n\n<!--more-->\n\n\n\n<p>T\u00edtulo original: Varados                          <\/p>\n\n\n\n<p>A\u00f1o: 2019              <\/p>\n\n\n\n<p>Duraci\u00f3n: 72 min.             <\/p>\n\n\n\n<p>Pa\u00eds: Espa\u00f1a            <\/p>\n\n\n\n<p>Direcci\u00f3n: Helena Taberna                                            <\/p>\n\n\n\n<p> Guion: Helena Taberna             <\/p>\n\n\n\n<p>Fotograf\u00eda: Frodo Garc\u00eda-Conde             <\/p>\n\n\n\n<p>Reparto: Documental                                                                                           <\/p>\n\n\n\n<p>Productora: Lamia Producciones             <\/p>\n\n\n\n<p>G\u00e9nero: Documental |  Inmigraci\u00f3n                <\/p>\n\n\n\n<p>Sinopsis: En el Mediterr\u00e1neo, el mar sobre el  que se fund\u00f3 nuestra civilizaci\u00f3n, miles de refugiados aguardan a que  Europa les acoja. A las puertas del viejo continente, luchan por  mantener viva la esperanza a pesar de las precarias condiciones bajo las  que subsisten. Varados se acerca a la vida cotidiana de esos refugiados  de larga duraci\u00f3n. En edificios ocupados en Atenas o en campos de  refugiados repartidos por todo el pa\u00eds, estos hombres y mujeres siguen a  la espera de una documentaci\u00f3n que les permita continuar con sus vidas.      <\/p>\n\n\n\n<p><a href=\"https:\/\/www.youtube.com\/watch?v=I8oFh6h6tGA\" data-rel=\"lightbox-video-0\">TRAILER OFICIAL \u00abVARADOS\u00bb<\/a><\/p>\n","protected":false},"excerpt":{"rendered":"<p>Lunes 11 de noviembre, 20:00 h. Centro Cultural Ram\u00f3n Pelayo (Solares) Precio \u00fanico: 2,50\u20ac Calificaci\u00f3n: APTA PARA TODOS LOS P\u00daBLICOS<\/p>\n","protected":false},"author":4,"featured_media":0,"comment_status":"closed","ping_status":"closed","sticky":false,"template":"","format":"standard","meta":{"footnotes":""},"categories":[59],"tags":[58,116,117],"class_list":["post-7208","post","type-post","status-publish","format-standard","hentry","category-cultura","tag-centro-cultural-ramon-pelayo","tag-cine","tag-filmoteca"],"_links":{"self":[{"href":"https:\/\/mediocudeyo.es\/web\/wp-json\/wp\/v2\/posts\/7208"}],"collection":[{"href":"https:\/\/mediocudeyo.es\/web\/wp-json\/wp\/v2\/posts"}],"about":[{"href":"https:\/\/mediocudeyo.es\/web\/wp-json\/wp\/v2\/types\/post"}],"author":[{"embeddable":true,"href":"https:\/\/mediocudeyo.es\/web\/wp-json\/wp\/v2\/users\/4"}],"replies":[{"embeddable":true,"href":"https:\/\/mediocudeyo.es\/web\/wp-json\/wp\/v2\/comments?post=7208"}],"version-history":[{"count":0,"href":"https:\/\/mediocudeyo.es\/web\/wp-json\/wp\/v2\/posts\/7208\/revisions"}],"wp:attachment":[{"href":"https:\/\/mediocudeyo.es\/web\/wp-json\/wp\/v2\/media?parent=7208"}],"wp:term":[{"taxonomy":"category","embeddable":true,"href":"https:\/\/mediocudeyo.es\/web\/wp-json\/wp\/v2\/categories?post=7208"},{"taxonomy":"post_tag","embeddable":true,"href":"https:\/\/mediocudeyo.es\/web\/wp-json\/wp\/v2\/tags?post=7208"}],"curies":[{"name":"wp","href":"https:\/\/api.w.org\/{rel}","templated":true}]}}