{"id":7228,"date":"2019-11-11T09:40:16","date_gmt":"2019-11-11T08:40:16","guid":{"rendered":"http:\/\/mediocudeyo.es\/web\/?p=7228"},"modified":"2019-11-11T09:40:16","modified_gmt":"2019-11-11T08:40:16","slug":"coro-virgen-del-puerto","status":"publish","type":"post","link":"https:\/\/mediocudeyo.es\/web\/coro-virgen-del-puerto\/","title":{"rendered":"CORO VIRGEN DEL PUERTO"},"content":{"rendered":"\n<figure class=\"wp-block-image\"><img decoding=\"async\" src=\"http:\/\/mediocudeyo.es\/web\/wp-content\/uploads\/2019\/11\/FusionARTE.-Cartel-16-noviembre.-JPG-724x1024.jpg\" alt=\"\" class=\"wp-image-7229\"\/><\/figure>\n\n\n\n<p>S\u00e1bado 16 de noviembre, 20:30 h. <\/p>\n\n\n\n<p>Centro Cultural Ram\u00f3n Pelayo (Solares).<\/p>\n\n\n\n<p>Precio: 3\u20ac<\/p>\n\n\n\n<p> El coro mixto \u00abVirgen del Puerto\u00bb fue creado en Santo\u00f1a el d\u00eda 3 de noviembre de 2016 por un grupo de personas con gran experiencia coral anterior, con el fin de poder practicar su afici\u00f3n al canto y disfrutar de la polifon\u00eda.<\/p>\n\n\n\n<!--more-->\n\n\n\n<p><br>Para dirigir el coro, se eligi\u00f3 a Felipe S\u00e1inz Rodr\u00edguez, persona con una dilatada experiencia como director en el mundo coral de Cantabria.<br>Actualmente, el coro est\u00e1 compuesto por 25 cantores en la modalidad de coro mixto. Su repertorio abarca un amplio espectro de g\u00e9neros musicales: M\u00fasica sacra, espirituales, habaneras, zarzuelas, boleros, canciones de pel\u00edculas, villancicos del mundo y polifon\u00eda del folclore de Cantabria.<br>El d\u00eda 26 de noviembre de 2016, se produjo la primera actuaci\u00f3n ante el p\u00fablico en la Iglesia Parroquial de Santa Mar\u00eda del Puerto de Santo\u00f1a, donde particip\u00f3 en una misa en honor a Santa Cecilia, patrona de la m\u00fasica.<br>A partir de ese momento, se fueron sucediendo una serie de actuaciones, participando en las misas, bodas y conciertos en diversos lugares como: Santo\u00f1a, San Mames de Meruelo, Noja, Residencia Santa Ana de Berria, Arnuero, Isla, Convento de Montehano, Potes, Puente San Miguel, Comillas, Bas\u00edlica de Nuestra Se\u00f1ora de Covadonga, Colegiata de Casta\u00f1eda, Puente Arce, Ajo y Mogro.<\/p>\n\n\n\n<p> Entradas disponibles y servicio de reserva para todos los espect\u00e1culos del ciclo en el P.I.M. del Centro Cultural Ram\u00f3n Pelayo (Solares), tel. 942522685.<br>Precio:3\u20ac<br>Las entradas reservadas permanecer\u00e1n activas hasta quince minutos antes del inicio del espect\u00e1culo, tras ese tiempo estar\u00e1n de nuevo disponibles al p\u00fablico.<br>Transcurridos cinco minutos del inicio del espect\u00e1culo, no se podr\u00e1 acceder a la sala.<br>Est\u00e1 restringido el consumo de comidas y bebidas en el interior, para ello existe una zona habilitada en el Hall exterior.<br>Apertura de taquilla 1 h. antes del espect\u00e1culo, apertura de puertas 1\/2 h. antes del espect\u00e1culo. <\/p>\n","protected":false},"excerpt":{"rendered":"<p>S\u00e1bado 16 de noviembre, 20:30 h. Centro Cultural Ram\u00f3n Pelayo (Solares). Precio: 3\u20ac El coro mixto \u00abVirgen del Puerto\u00bb fue creado en Santo\u00f1a el d\u00eda 3 de noviembre de 2016 [&hellip;]<\/p>\n","protected":false},"author":4,"featured_media":0,"comment_status":"closed","ping_status":"closed","sticky":false,"template":"","format":"standard","meta":{"footnotes":""},"categories":[59],"tags":[58,320,82,160],"class_list":["post-7228","post","type-post","status-publish","format-standard","hentry","category-cultura","tag-centro-cultural-ramon-pelayo","tag-coro","tag-fusionarte","tag-musica"],"_links":{"self":[{"href":"https:\/\/mediocudeyo.es\/web\/wp-json\/wp\/v2\/posts\/7228"}],"collection":[{"href":"https:\/\/mediocudeyo.es\/web\/wp-json\/wp\/v2\/posts"}],"about":[{"href":"https:\/\/mediocudeyo.es\/web\/wp-json\/wp\/v2\/types\/post"}],"author":[{"embeddable":true,"href":"https:\/\/mediocudeyo.es\/web\/wp-json\/wp\/v2\/users\/4"}],"replies":[{"embeddable":true,"href":"https:\/\/mediocudeyo.es\/web\/wp-json\/wp\/v2\/comments?post=7228"}],"version-history":[{"count":0,"href":"https:\/\/mediocudeyo.es\/web\/wp-json\/wp\/v2\/posts\/7228\/revisions"}],"wp:attachment":[{"href":"https:\/\/mediocudeyo.es\/web\/wp-json\/wp\/v2\/media?parent=7228"}],"wp:term":[{"taxonomy":"category","embeddable":true,"href":"https:\/\/mediocudeyo.es\/web\/wp-json\/wp\/v2\/categories?post=7228"},{"taxonomy":"post_tag","embeddable":true,"href":"https:\/\/mediocudeyo.es\/web\/wp-json\/wp\/v2\/tags?post=7228"}],"curies":[{"name":"wp","href":"https:\/\/api.w.org\/{rel}","templated":true}]}}