{"id":7249,"date":"2019-11-12T14:10:23","date_gmt":"2019-11-12T13:10:23","guid":{"rendered":"http:\/\/mediocudeyo.es\/web\/?p=7249"},"modified":"2019-11-12T14:10:23","modified_gmt":"2019-11-12T13:10:23","slug":"filmoteca-ojos-negros","status":"publish","type":"post","link":"https:\/\/mediocudeyo.es\/web\/filmoteca-ojos-negros\/","title":{"rendered":"FILMOTECA: OJOS NEGROS"},"content":{"rendered":"\n<figure class=\"wp-block-image\"><img decoding=\"async\" src=\"http:\/\/mediocudeyo.es\/web\/wp-content\/uploads\/2019\/11\/ojos_negros-240759165-large-717x1024.jpg\" alt=\"\" class=\"wp-image-7250\"\/><\/figure>\n\n\n\n<p>Lunes 18 de noviembre, 20:00 h.<\/p>\n\n\n\n<p>Centro Cultural Ram\u00f3n Pelayo (Solares)<\/p>\n\n\n\n<p>Precio \u00fanico: 2,50\u20ac<\/p>\n\n\n\n<p>Calificaci\u00f3n: APTA PARA  TODOS LOS P\u00daBLICOS                                                                                                                                                                                                                                                       <\/p>\n\n\n\n<!--more-->\n\n\n\n<p>T\u00edtulo original: Ojos negros                          <\/p>\n\n\n\n<p>A\u00f1o: 2019             <\/p>\n\n\n\n<p>Duraci\u00f3n: 65 min.             <\/p>\n\n\n\n<p>Pa\u00eds: Espa\u00f1a            <\/p>\n\n\n\n<p>Direcci\u00f3n: Marta Lallana, Ivet Castelo, Iv\u00e1n Alarc\u00f3n, Sandra Garc\u00eda.<\/p>\n\n\n\n<p>Guion: Marta Lallana, Ivet Castelo, Iv\u00e1n Alarc\u00f3n, Sandra Garc\u00eda.           <\/p>\n\n\n\n<p>M\u00fasica: Ra\u00fcl Refree             <\/p>\n\n\n\n<p>Fotograf\u00eda: Jorge Basterretxea             <\/p>\n\n\n\n<p>Reparto: Alba Alcaine, Julia Lallana, Ana Sabat\u00e9                                                  <a href=\"https:\/\/www.filmaffinity.com\/es\/search.php?stype=cast&amp;sn&amp;stext=Alba%20Alcaine\">                         <\/a>                                      <\/p>\n\n\n\n<p>Productora: Nanouk Films \/ Filmin             <\/p>\n\n\n\n<p>G\u00e9nero: Drama &#8211; Adolescencia         <\/p>\n\n\n\n<p>Sinopsis:  Paula, una chica de 14 a\u00f1os, tiene  que pasar el verano en Ojos Negros, un pueblo de Teruel, con su t\u00eda y su  abuela, a quienes apenas conoce. All\u00ed descubre las tensiones familiares  que se destapan a ra\u00edz de la enfermedad de su abuela. Intentando  escapar de esa atm\u00f3sfera asfixiante conoce a Alicia, una chica de su  edad con quien establece una intensa amistad. Al final del verano Paula  intuir\u00e1 lo que significa hacerse mayor.   <\/p>\n\n\n\n<p><a href=\"https:\/\/www.youtube.com\/watch?v=eO01AIJ4hdo\" data-rel=\"lightbox-video-0\">TRAILER OJOS NEGROS <\/a>  <\/p>\n","protected":false},"excerpt":{"rendered":"<p>Lunes 18 de noviembre, 20:00 h. Centro Cultural Ram\u00f3n Pelayo (Solares) Precio \u00fanico: 2,50\u20ac Calificaci\u00f3n: APTA PARA TODOS LOS P\u00daBLICOS<\/p>\n","protected":false},"author":4,"featured_media":0,"comment_status":"closed","ping_status":"closed","sticky":false,"template":"","format":"standard","meta":{"footnotes":""},"categories":[59],"tags":[58,116,117],"class_list":["post-7249","post","type-post","status-publish","format-standard","hentry","category-cultura","tag-centro-cultural-ramon-pelayo","tag-cine","tag-filmoteca"],"_links":{"self":[{"href":"https:\/\/mediocudeyo.es\/web\/wp-json\/wp\/v2\/posts\/7249"}],"collection":[{"href":"https:\/\/mediocudeyo.es\/web\/wp-json\/wp\/v2\/posts"}],"about":[{"href":"https:\/\/mediocudeyo.es\/web\/wp-json\/wp\/v2\/types\/post"}],"author":[{"embeddable":true,"href":"https:\/\/mediocudeyo.es\/web\/wp-json\/wp\/v2\/users\/4"}],"replies":[{"embeddable":true,"href":"https:\/\/mediocudeyo.es\/web\/wp-json\/wp\/v2\/comments?post=7249"}],"version-history":[{"count":0,"href":"https:\/\/mediocudeyo.es\/web\/wp-json\/wp\/v2\/posts\/7249\/revisions"}],"wp:attachment":[{"href":"https:\/\/mediocudeyo.es\/web\/wp-json\/wp\/v2\/media?parent=7249"}],"wp:term":[{"taxonomy":"category","embeddable":true,"href":"https:\/\/mediocudeyo.es\/web\/wp-json\/wp\/v2\/categories?post=7249"},{"taxonomy":"post_tag","embeddable":true,"href":"https:\/\/mediocudeyo.es\/web\/wp-json\/wp\/v2\/tags?post=7249"}],"curies":[{"name":"wp","href":"https:\/\/api.w.org\/{rel}","templated":true}]}}