{"id":7273,"date":"2019-11-14T14:04:26","date_gmt":"2019-11-14T13:04:26","guid":{"rendered":"http:\/\/mediocudeyo.es\/web\/?p=7273"},"modified":"2019-11-14T14:04:26","modified_gmt":"2019-11-14T13:04:26","slug":"billy-boom-band-lorca-pop","status":"publish","type":"post","link":"https:\/\/mediocudeyo.es\/web\/billy-boom-band-lorca-pop\/","title":{"rendered":"BILLY BOOM BAND: LORCA POP"},"content":{"rendered":"\n<figure class=\"wp-block-image\"><img decoding=\"async\" src=\"http:\/\/mediocudeyo.es\/web\/wp-content\/uploads\/2019\/11\/FusionARTE.-Cartel-24-noviembre-JPG-724x1024.jpg\" alt=\"\" class=\"wp-image-7274\"\/><\/figure>\n\n\n\n<p> AGOTADAS LAS LOCALIDADES EN VENTA ANTICIPADA. <br> EL D\u00cdA DEL ESPECT\u00c1CULO ESTAR\u00c1N A LA VENTA EN TAQUILLA LAS ENTRADAS CORRESPONDIENTES  AL 10% DEL AFORO.<br> Precio:1\u20ac<br> Las entradas reservadas permanecer\u00e1n activas hasta quince minutos antes  del inicio del espect\u00e1culo, tras ese tiempo estar\u00e1n de nuevo  disponibles al p\u00fablico.<br>Transcurridos cinco minutos del inicio del espect\u00e1culo, no se podr\u00e1 acceder a la sala.<br>Est\u00e1 restringido el consumo de comidas y bebidas en el interior, para ello existe una zona habilitada en el Hall exterior.<br> Apertura de taquilla 1 h. antes del espect\u00e1culo, apertura de puertas 1\/2 h. antes del espect\u00e1culo. <\/p>\n","protected":false},"excerpt":{"rendered":"<p>AGOTADAS LAS LOCALIDADES EN VENTA ANTICIPADA. EL D\u00cdA DEL ESPECT\u00c1CULO ESTAR\u00c1N A LA VENTA EN TAQUILLA LAS ENTRADAS CORRESPONDIENTES AL 10% DEL AFORO. Precio:1\u20ac Las entradas reservadas permanecer\u00e1n activas hasta [&hellip;]<\/p>\n","protected":false},"author":4,"featured_media":0,"comment_status":"closed","ping_status":"closed","sticky":false,"template":"","format":"standard","meta":{"footnotes":""},"categories":[59],"tags":[58,90,192,64,160],"class_list":["post-7273","post","type-post","status-publish","format-standard","hentry","category-cultura","tag-centro-cultural-ramon-pelayo","tag-concierto","tag-familiar","tag-infantil","tag-musica"],"_links":{"self":[{"href":"https:\/\/mediocudeyo.es\/web\/wp-json\/wp\/v2\/posts\/7273"}],"collection":[{"href":"https:\/\/mediocudeyo.es\/web\/wp-json\/wp\/v2\/posts"}],"about":[{"href":"https:\/\/mediocudeyo.es\/web\/wp-json\/wp\/v2\/types\/post"}],"author":[{"embeddable":true,"href":"https:\/\/mediocudeyo.es\/web\/wp-json\/wp\/v2\/users\/4"}],"replies":[{"embeddable":true,"href":"https:\/\/mediocudeyo.es\/web\/wp-json\/wp\/v2\/comments?post=7273"}],"version-history":[{"count":0,"href":"https:\/\/mediocudeyo.es\/web\/wp-json\/wp\/v2\/posts\/7273\/revisions"}],"wp:attachment":[{"href":"https:\/\/mediocudeyo.es\/web\/wp-json\/wp\/v2\/media?parent=7273"}],"wp:term":[{"taxonomy":"category","embeddable":true,"href":"https:\/\/mediocudeyo.es\/web\/wp-json\/wp\/v2\/categories?post=7273"},{"taxonomy":"post_tag","embeddable":true,"href":"https:\/\/mediocudeyo.es\/web\/wp-json\/wp\/v2\/tags?post=7273"}],"curies":[{"name":"wp","href":"https:\/\/api.w.org\/{rel}","templated":true}]}}