{"id":7288,"date":"2019-11-18T09:10:57","date_gmt":"2019-11-18T08:10:57","guid":{"rendered":"http:\/\/mediocudeyo.es\/web\/?p=7288"},"modified":"2019-11-18T09:10:57","modified_gmt":"2019-11-18T08:10:57","slug":"teatro-oumuamua","status":"publish","type":"post","link":"https:\/\/mediocudeyo.es\/web\/teatro-oumuamua\/","title":{"rendered":"TEATRO: OUMUAMUA"},"content":{"rendered":"\n<figure class=\"wp-block-image\"><img decoding=\"async\" src=\"http:\/\/mediocudeyo.es\/web\/wp-content\/uploads\/2019\/11\/FusionARTE.-Cartel-22-de-noviembre-JPG-724x1024.jpg\" alt=\"\" class=\"wp-image-7289\"\/><\/figure>\n\n\n\n<p>Viernes 22 de noviembre, 20:30 h.<\/p>\n\n\n\n<p>Centro Cultural Ram\u00f3n Pelayo (Solares).<\/p>\n\n\n\n<p>Precio: 3\u20ac<\/p>\n\n\n\n<!--more-->\n\n\n\n<p>\nSinopsis:<br>\u00abOumuamua\u00bb es el t\u00edtulo del espect\u00e1culo basado en la historia de Lucrecia: Ella es un personaje de ficci\u00f3n, nieta de Valentina Tereshkova, la primera mujer civil que viaj\u00f3 al espacio. El viaje de Lucrecia es el viaje de una antihero\u00edna, azafata de vuelo, encargada de tripular la primera expedici\u00f3n \u00ablow cost\u00bb al sat\u00e9lite Oumuamua para depositar en \u00e9l una c\u00e1psula del tiempo. La misi\u00f3n de nuestra protagonista har\u00e1 que nos adentremos en el mundo de la comedia mediante este personaje, que reivindicar\u00e1 la relevancia de la mujer en el espacio, y har\u00e1 justicia con la memoria de su abuela.<br>Con este espect\u00e1culo penetraremos en el mundo  del clown. Una sucesi\u00f3n de sorpresas har\u00e1n que e p\u00fablico sea participe y que se conviertan en los pasajeros de eta nave singular.<\/p>\n\n\n\n<p>La compa\u00f1\u00eda:<br>La compa\u00f1\u00eda Teatro Teatrae se forma en el a\u00f1o 2014 por Ruth Garreta, actriz, directora y productora. Formada en la Escuela Internacional de Teatro de Philippe Gaulier (2005\/2007) Par\u00eds, Francia.<br>Siempre interesada por la innovaci\u00f3n art\u00edstica, decide crear su propia compa\u00f1\u00eda. Sus influencias claras son el clown y el buf\u00f3n.<br>Su \u00f3pera prima se estrena en abril de 2014, \u00abRockpunzel\u00bb, una obra para p\u00fablico familiar \u00edntegramente en ingl\u00e9s que transforma el cl\u00e1sico cuento de princesas en una historia de valent\u00eda.<br>Dos a\u00f1os despu\u00e9s llega \u00abEl espejo c\u00f3nico\u00bb una obra hom\u00f3nima del autor Jos\u00e9 Carlos Carmona, y es que representa dos historias paralelas en un mismo espect\u00e1culo: por un lado, los sue\u00f1os de estas mujeres en medio de un conflicto b\u00e9lico, y por el otro, los pormenores de las actrices que los desarrollan.<br>En febrero de 2019, la compa\u00f1\u00eda estrenar\u00e1 su primer solo. El nuevo montaje en producci\u00f3n \u00abOumuamua\u00bb bajo la direcci\u00f3n de Javier Ariza.<\/p>\n\n\n\n<p>Entradas disponibles y servicio de reserva para todos los espect\u00e1culos del ciclo en el P.I.M. del Centro Cultural Ram\u00f3n Pelayo (Solares), tel. 942522685.<br>Precio:3\u20ac<br>Las entradas reservadas permanecer\u00e1n activas hasta quince minutos antes del inicio del espect\u00e1culo, tras ese tiempo estar\u00e1n de nuevo disponibles al p\u00fablico.<br>Transcurridos cinco minutos del inicio del espect\u00e1culo, no se podr\u00e1 acceder a la sala.<br>Est\u00e1 restringido el consumo de comidas y bebidas en el interior, para ello existe una zona habilitada en el Hall exterior.<br>Apertura de taquilla 1 h. antes del espect\u00e1culo, apertura de puertas 1\/2 h. antes del espect\u00e1culo. <\/p>\n","protected":false},"excerpt":{"rendered":"<p>Viernes 22 de noviembre, 20:30 h. Centro Cultural Ram\u00f3n Pelayo (Solares). Precio: 3\u20ac<\/p>\n","protected":false},"author":4,"featured_media":0,"comment_status":"closed","ping_status":"closed","sticky":false,"template":"","format":"standard","meta":{"footnotes":""},"categories":[59],"tags":[58,82,83],"class_list":["post-7288","post","type-post","status-publish","format-standard","hentry","category-cultura","tag-centro-cultural-ramon-pelayo","tag-fusionarte","tag-teatro"],"_links":{"self":[{"href":"https:\/\/mediocudeyo.es\/web\/wp-json\/wp\/v2\/posts\/7288"}],"collection":[{"href":"https:\/\/mediocudeyo.es\/web\/wp-json\/wp\/v2\/posts"}],"about":[{"href":"https:\/\/mediocudeyo.es\/web\/wp-json\/wp\/v2\/types\/post"}],"author":[{"embeddable":true,"href":"https:\/\/mediocudeyo.es\/web\/wp-json\/wp\/v2\/users\/4"}],"replies":[{"embeddable":true,"href":"https:\/\/mediocudeyo.es\/web\/wp-json\/wp\/v2\/comments?post=7288"}],"version-history":[{"count":0,"href":"https:\/\/mediocudeyo.es\/web\/wp-json\/wp\/v2\/posts\/7288\/revisions"}],"wp:attachment":[{"href":"https:\/\/mediocudeyo.es\/web\/wp-json\/wp\/v2\/media?parent=7288"}],"wp:term":[{"taxonomy":"category","embeddable":true,"href":"https:\/\/mediocudeyo.es\/web\/wp-json\/wp\/v2\/categories?post=7288"},{"taxonomy":"post_tag","embeddable":true,"href":"https:\/\/mediocudeyo.es\/web\/wp-json\/wp\/v2\/tags?post=7288"}],"curies":[{"name":"wp","href":"https:\/\/api.w.org\/{rel}","templated":true}]}}