{"id":7296,"date":"2019-11-19T08:57:45","date_gmt":"2019-11-19T07:57:45","guid":{"rendered":"http:\/\/mediocudeyo.es\/web\/?p=7296"},"modified":"2019-11-19T08:57:45","modified_gmt":"2019-11-19T07:57:45","slug":"filmoteca-casi-40","status":"publish","type":"post","link":"https:\/\/mediocudeyo.es\/web\/filmoteca-casi-40\/","title":{"rendered":"FILMOTECA: CASI 40"},"content":{"rendered":"\n<figure class=\"wp-block-image\"><img decoding=\"async\" src=\"http:\/\/mediocudeyo.es\/web\/wp-content\/uploads\/2019\/11\/casi_40-400850126-large-724x1024.jpg\" alt=\"\" class=\"wp-image-7297\"\/><\/figure>\n\n\n\n<p>Lunes 25 de noviembre, 20.00 h.<\/p>\n\n\n\n<p>Centro Cultural Ram\u00f3n Pelayo (Solares)<\/p>\n\n\n\n<p>Precio \u00fanico: 2,50\u20ac<\/p>\n\n\n\n<p>Calificaci\u00f3n: NO  RECOMENDADA PARA MENORES DE SIETE A\u00d1OS                                                                                                                                                                                                                                          <\/p>\n\n\n\n<!--more-->\n\n\n\n<p>T\u00edtulo original: Casi 40                          <\/p>\n\n\n\n<p>A\u00f1o: 2018              <\/p>\n\n\n\n<p>Duraci\u00f3n: 87 min.             <\/p>\n\n\n\n<p>Pa\u00eds: Espa\u00f1a             <\/p>\n\n\n\n<p>Direcci\u00f3n: David Trueba                                          <\/p>\n\n\n\n<p>Guion: David Trueba             <\/p>\n\n\n\n<p>Fotograf\u00eda: Julio C\u00e9sar Tortuero            <\/p>\n\n\n\n<p> Reparto: Luc\u00eda Jim\u00e9nez, Fernando Ramallo, Carolina \u00c1frica, Vito Sanz.  <\/p>\n\n\n\n<p>Productora: Buenavida producciones \/ Perdidos G.C.            <\/p>\n\n\n\n<p> G\u00e9nero: Drama-Comedia-Romance-Comedia dram\u00e1tica-M\u00fasica-Secuela.                                                 Sinopsis: Una modesta gira de conciertos vuelve  a reunir a dos amigos de juventud. Ella, cantante de \u00e9xito, est\u00e1 ya  retirada de la escena. \u00c9l, que sobrevive como vendedor de productos  cosm\u00e9ticos, pretende relanzar la carrera musical de quien fue su amor de  adolescencia. <\/p>\n\n\n\n<p><a href=\"https:\/\/www.youtube.com\/watch?v=zjPcsCSwnuU\" data-rel=\"lightbox-video-0\">TRAILER OFICIAL CASI 40<\/a><\/p>\n","protected":false},"excerpt":{"rendered":"<p>Lunes 25 de noviembre, 20.00 h. Centro Cultural Ram\u00f3n Pelayo (Solares) Precio \u00fanico: 2,50\u20ac Calificaci\u00f3n: NO RECOMENDADA PARA MENORES DE SIETE A\u00d1OS<\/p>\n","protected":false},"author":4,"featured_media":0,"comment_status":"closed","ping_status":"closed","sticky":false,"template":"","format":"standard","meta":{"footnotes":""},"categories":[59],"tags":[58,116,105],"class_list":["post-7296","post","type-post","status-publish","format-standard","hentry","category-cultura","tag-centro-cultural-ramon-pelayo","tag-cine","tag-filmoteca-regional"],"_links":{"self":[{"href":"https:\/\/mediocudeyo.es\/web\/wp-json\/wp\/v2\/posts\/7296"}],"collection":[{"href":"https:\/\/mediocudeyo.es\/web\/wp-json\/wp\/v2\/posts"}],"about":[{"href":"https:\/\/mediocudeyo.es\/web\/wp-json\/wp\/v2\/types\/post"}],"author":[{"embeddable":true,"href":"https:\/\/mediocudeyo.es\/web\/wp-json\/wp\/v2\/users\/4"}],"replies":[{"embeddable":true,"href":"https:\/\/mediocudeyo.es\/web\/wp-json\/wp\/v2\/comments?post=7296"}],"version-history":[{"count":0,"href":"https:\/\/mediocudeyo.es\/web\/wp-json\/wp\/v2\/posts\/7296\/revisions"}],"wp:attachment":[{"href":"https:\/\/mediocudeyo.es\/web\/wp-json\/wp\/v2\/media?parent=7296"}],"wp:term":[{"taxonomy":"category","embeddable":true,"href":"https:\/\/mediocudeyo.es\/web\/wp-json\/wp\/v2\/categories?post=7296"},{"taxonomy":"post_tag","embeddable":true,"href":"https:\/\/mediocudeyo.es\/web\/wp-json\/wp\/v2\/tags?post=7296"}],"curies":[{"name":"wp","href":"https:\/\/api.w.org\/{rel}","templated":true}]}}