{"id":7415,"date":"2019-12-03T08:44:45","date_gmt":"2019-12-03T07:44:45","guid":{"rendered":"http:\/\/mediocudeyo.es\/web\/?p=7415"},"modified":"2019-12-03T08:44:45","modified_gmt":"2019-12-03T07:44:45","slug":"filmoteca-blaze","status":"publish","type":"post","link":"https:\/\/mediocudeyo.es\/web\/filmoteca-blaze\/","title":{"rendered":"FILMOTECA: BLAZE"},"content":{"rendered":"\n<figure class=\"wp-block-image\"><img decoding=\"async\" src=\"http:\/\/mediocudeyo.es\/web\/wp-content\/uploads\/2019\/12\/blaze-334528262-large-691x1024.jpg\" alt=\"\" class=\"wp-image-7416\"\/><\/figure>\n\n\n\n<h2 class=\"wp-block-heading\"><\/h2>\n\n\n\n<p>Lunes 9 de diciembre, 20:00 h.<\/p>\n\n\n\n<p>Centro Cultural Ram\u00f3n Pelayo (Solares)<\/p>\n\n\n\n<p>Precio \u00fanico: 2,50\u20ac<\/p>\n\n\n\n<p>Calificaci\u00f3n: NO RECOMENDADA PARA MENORES DE DIECIS\u00c9IS A\u00d1OS\u00a0 <\/p>\n\n\n\n<p>V. O. S. E.<\/p>\n\n\n\n<!--more-->\n\n\n\n<p>T\u00edtulo original: Blaze                          <\/p>\n\n\n\n<p>A\u00f1o: 2018             <\/p>\n\n\n\n<p> Duraci\u00f3n: 127 min.             <\/p>\n\n\n\n<p>Pa\u00eds: Estados Unidos             <\/p>\n\n\n\n<p>Direcci\u00f3n: Ethan Hawke                                <\/p>\n\n\n\n<p> Guion: Ethan Hawke, Sybil Rosen            <\/p>\n\n\n\n<p> Fotograf\u00eda: Steve Cosens             <\/p>\n\n\n\n<p>Reparto:<a href=\"https:\/\/www.filmaffinity.com\/es\/search.php?stype=cast&amp;sn&amp;stext=Ben%20Dickey\"> Ben Dickey<\/a>, <a href=\"https:\/\/www.filmaffinity.com\/es\/search.php?stype=cast&amp;sn&amp;stext=Alia%20Shawkat\">Alia Shawkat<\/a>, <a href=\"https:\/\/www.filmaffinity.com\/es\/search.php?stype=cast&amp;sn&amp;stext=Josh%20Hamilton\">Josh Hamilton<\/a>,                                                      <a href=\"https:\/\/www.filmaffinity.com\/es\/search.php?stype=cast&amp;sn&amp;stext=Charlie%20Sexton\">          Charlie Sexton<\/a>, <a href=\"https:\/\/www.filmaffinity.com\/es\/search.php?stype=cast&amp;sn&amp;stext=Sam%20Rockwell\">Sam Rockwell<\/a>, <a href=\"https:\/\/www.filmaffinity.com\/es\/search.php?stype=cast&amp;sn&amp;stext=Wyatt%20Russell\">Wyatt Russell<\/a>, <a href=\"https:\/\/www.filmaffinity.com\/es\/search.php?stype=cast&amp;sn&amp;stext=Steve%20Zahn\">Steve Zahn<\/a>,                                                      <a href=\"https:\/\/www.filmaffinity.com\/es\/search.php?stype=cast&amp;sn&amp;stext=Richard%20Linklater\">      Richard Linklater<\/a>,<a href=\"https:\/\/www.filmaffinity.com\/es\/search.php?stype=cast&amp;sn&amp;stext=Kris%20Kristofferson\"> Kris Kristofferson, <\/a><a href=\"https:\/\/www.filmaffinity.com\/es\/search.php?stype=cast&amp;sn&amp;stext=Didi%20Costine\">Didi Costine<\/a>,<a href=\"https:\/\/www.filmaffinity.com\/es\/search.php?stype=cast&amp;sn&amp;stext=Ritchie%20Montgomery\"> Ritchie Montgomery<\/a>,                                                      <a href=\"https:\/\/www.filmaffinity.com\/es\/search.php?stype=cast&amp;sn&amp;stext=David%20Kallaway\">                         David Kallaway<\/a>, <a href=\"https:\/\/www.filmaffinity.com\/es\/search.php?stype=cast&amp;sn&amp;stext=Jency%20Griffin\">Jency Griffin<\/a>, <a href=\"https:\/\/www.filmaffinity.com\/es\/search.php?stype=cast&amp;sn&amp;stext=Martin%20Bats%20Bradford\">Martin Bats Bradford<\/a>, <a href=\"https:\/\/www.filmaffinity.com\/es\/search.php?stype=cast&amp;sn&amp;stext=Kayla%20Carraway\">Kayla Carraway<\/a>,                                                      <a href=\"https:\/\/www.filmaffinity.com\/es\/search.php?stype=cast&amp;sn&amp;stext=Mitch%20Craft\">                         Mitch Craft<\/a>, <a href=\"https:\/\/www.filmaffinity.com\/es\/search.php?stype=cast&amp;sn&amp;stext=Rey%20Reynaud\">Rey Reynaud<\/a>                                          <\/p>\n\n\n\n<p>Productora: Ansgar Media \/ Village Studios (II). Distribuida por IFC Films             G\u00e9nero: <a href=\"https:\/\/www.filmaffinity.com\/es\/moviegenre.php?genre=DR&amp;attr=rat_count&amp;nodoc\">Drama<\/a> | <a href=\"https:\/\/www.filmaffinity.com\/es\/movietopic.php?topic=345640&amp;attr=rat_count&amp;nodoc\">Biogr\u00e1fico<\/a>. <a href=\"https:\/\/www.filmaffinity.com\/es\/movietopic.php?topic=630442&amp;attr=rat_count&amp;nodoc\">M\u00fasica<\/a>                     <\/p>\n\n\n\n<p>Sinopsis: Narra la vida del cantante y  compositor de country norteamericano Blaze Foley (Texas, 1949 \u2013  Nashville, Tennessee 1989). Blaze fue una inusual leyenda de la m\u00fasica  del Texas Outlaw Music que engendr\u00f3 a autores como Merle Haggard y  Willie Nelson. A trav\u00e9s de una historia que recorre tres periodos de su  vida, los diferentes hilos exploran su romance con Sybil Rosen; su  \u00faltima noche oscura en la tierra; y el impacto de sus canciones y el  impacto de su muerte en sus fans, amigos y enemigos.      <\/p>\n\n\n\n<p><a href=\"https:\/\/www.youtube.com\/watch?v=x9ednT_TO_c\" data-rel=\"lightbox-video-0\">TRAILER BLAZE V. O. S. E.<\/a><\/p>\n","protected":false},"excerpt":{"rendered":"<p>Lunes 9 de diciembre, 20:00 h. Centro Cultural Ram\u00f3n Pelayo (Solares) Precio \u00fanico: 2,50\u20ac Calificaci\u00f3n: NO RECOMENDADA PARA MENORES DE DIECIS\u00c9IS A\u00d1OS\u00a0 V. O. S. E.<\/p>\n","protected":false},"author":4,"featured_media":0,"comment_status":"closed","ping_status":"closed","sticky":false,"template":"","format":"standard","meta":{"footnotes":""},"categories":[59],"tags":[58,116,105],"class_list":["post-7415","post","type-post","status-publish","format-standard","hentry","category-cultura","tag-centro-cultural-ramon-pelayo","tag-cine","tag-filmoteca-regional"],"_links":{"self":[{"href":"https:\/\/mediocudeyo.es\/web\/wp-json\/wp\/v2\/posts\/7415"}],"collection":[{"href":"https:\/\/mediocudeyo.es\/web\/wp-json\/wp\/v2\/posts"}],"about":[{"href":"https:\/\/mediocudeyo.es\/web\/wp-json\/wp\/v2\/types\/post"}],"author":[{"embeddable":true,"href":"https:\/\/mediocudeyo.es\/web\/wp-json\/wp\/v2\/users\/4"}],"replies":[{"embeddable":true,"href":"https:\/\/mediocudeyo.es\/web\/wp-json\/wp\/v2\/comments?post=7415"}],"version-history":[{"count":0,"href":"https:\/\/mediocudeyo.es\/web\/wp-json\/wp\/v2\/posts\/7415\/revisions"}],"wp:attachment":[{"href":"https:\/\/mediocudeyo.es\/web\/wp-json\/wp\/v2\/media?parent=7415"}],"wp:term":[{"taxonomy":"category","embeddable":true,"href":"https:\/\/mediocudeyo.es\/web\/wp-json\/wp\/v2\/categories?post=7415"},{"taxonomy":"post_tag","embeddable":true,"href":"https:\/\/mediocudeyo.es\/web\/wp-json\/wp\/v2\/tags?post=7415"}],"curies":[{"name":"wp","href":"https:\/\/api.w.org\/{rel}","templated":true}]}}