{"id":7446,"date":"2019-12-11T09:47:47","date_gmt":"2019-12-11T08:47:47","guid":{"rendered":"http:\/\/mediocudeyo.es\/web\/?p=7446"},"modified":"2019-12-11T09:47:47","modified_gmt":"2019-12-11T08:47:47","slug":"filmoteca-la-mujer-de-la-montana","status":"publish","type":"post","link":"https:\/\/mediocudeyo.es\/web\/filmoteca-la-mujer-de-la-montana\/","title":{"rendered":"FILMOTECA: LA MUJER DE LA MONTA\u00d1A"},"content":{"rendered":"\n<figure class=\"wp-block-image\"><img decoding=\"async\" src=\"http:\/\/mediocudeyo.es\/web\/wp-content\/uploads\/2019\/12\/kona_fer_i_strid-993525955-large.jpg\" alt=\"\" class=\"wp-image-7447\"\/><\/figure>\n\n\n\n<p>Lunes 16 de diciembre, 20:00 h.<\/p>\n\n\n\n<p>Centro Cultural Ram\u00f3n Pelayo (Solares)<\/p>\n\n\n\n<p>Precio \u00fanico: 2,.50\u20ac<\/p>\n\n\n\n<p>V. O. S. E.<\/p>\n\n\n\n<p>Calificaci\u00f3n: NO  RECOMENDADA PARA MENORES DE SIETE A\u00d1OS                                                                                                                                                                                                                                          <\/p>\n\n\n\n<!--more-->\n\n\n\n<p> T\u00edtulo original: Kona fer \u00ed str\u00ed\u00f0 aka                                                             <\/p>\n\n\n\n<p>A\u00f1o: 2018              <\/p>\n\n\n\n<p>Duraci\u00f3n: 101 min.             <\/p>\n\n\n\n<p>Pa\u00eds: Islandia             <\/p>\n\n\n\n<p>Direcci\u00f3n<a href=\"https:\/\/www.filmaffinity.com\/es\/search.php?stype=director&amp;sn&amp;stext=Benedikt%20Erlingsson\">: <\/a><a href=\"http:\/\/director&amp;sn&amp;stext=Benedikt%20Erlingsson\">Benedikt Erlingsson    <\/a>                                      <\/p>\n\n\n\n<p>Guion: \u00d3lafur Egilsson, Benedikt Erlingsson             <\/p>\n\n\n\n<p>M\u00fasica: David Thor Jonsson             <\/p>\n\n\n\n<p>Fotograf\u00eda: Bergsteinn Bj\u00f6rg\u00falfsson             <\/p>\n\n\n\n<p>Reparto<a href=\"http:\/\/=cast&amp;sn&amp;stext=Halld%C3%B3ra%20Geirhar%C3%B0sd%C3%B3ttir\">:  Halld\u00f3ra Geirhar\u00f0sd\u00f3ttir<\/a>, <a href=\"https:\/\/www.filmaffinity.com\/es\/search.php?stype=cast&amp;sn&amp;stext=J%C3%B3hann%20Sigur%C3%B0arson\">J\u00f3hann Sigur\u00f0arson, <\/a><a href=\"https:\/\/www.filmaffinity.com\/es\/search.php?stype=cast&amp;sn&amp;stext=Juan%20Camilo%20Roman%20Estrada\">Juan Camilo, Roman Estrada<\/a>,<a href=\"https:\/\/www.filmaffinity.com\/es\/search.php?stype=cast&amp;sn&amp;stext=J%C3%B6rundur%20Ragnarsson\"> J\u00f6rundur Ragnarsson<\/a>                                         <\/p>\n\n\n\n<p> Productora: Coproducci\u00f3n Islandia-Ucrania-Francia; Slot Machine \/ Gulldrengurinn \/ Vintage Pictures \/ Nordisk Film             <\/p>\n\n\n\n<p>G\u00e9nero: <a href=\"https:\/\/www.filmaffinity.com\/es\/moviegenre.php?genre=DR&amp;attr=rat_count&amp;nodoc\">Drama<\/a>. <a href=\"https:\/\/www.filmaffinity.com\/es\/moviegenre.php?genre=TH&amp;attr=rat_count&amp;nodoc\">Thriller<\/a> | <a href=\"https:\/\/www.filmaffinity.com\/es\/movietopic.php?topic=708976&amp;attr=rat_count&amp;nodoc\">Adopci\u00f3n<\/a>                     <\/p>\n\n\n\n<p>Sinopsis: A sus cincuenta a\u00f1os, Halla,  profesora de canto, declara la guerra a la industria local del aluminio,  que est\u00e1 contaminando su pa\u00eds. Para ello, toma todo tipo de riesgos con  el fin de proteger el medio ambiente en Islandia. Pero su situaci\u00f3n  podr\u00eda cambiar con la llegada inesperada de una carta.<\/p>\n\n\n\n<p><a href=\"https:\/\/www.youtube.com\/watch?v=iP2GynDzVBA\" data-rel=\"lightbox-video-0\">TRAILER V. O. S. E. LA MUJER DE LA MONTA\u00d1A<\/a><\/p>\n\n\n\n<h2 class=\"wp-block-heading\"><\/h2>\n","protected":false},"excerpt":{"rendered":"<p>Lunes 16 de diciembre, 20:00 h. Centro Cultural Ram\u00f3n Pelayo (Solares) Precio \u00fanico: 2,.50\u20ac V. O. S. E. Calificaci\u00f3n: NO RECOMENDADA PARA MENORES DE SIETE A\u00d1OS<\/p>\n","protected":false},"author":4,"featured_media":0,"comment_status":"closed","ping_status":"closed","sticky":false,"template":"","format":"standard","meta":{"footnotes":""},"categories":[59],"tags":[58,116,105],"class_list":["post-7446","post","type-post","status-publish","format-standard","hentry","category-cultura","tag-centro-cultural-ramon-pelayo","tag-cine","tag-filmoteca-regional"],"_links":{"self":[{"href":"https:\/\/mediocudeyo.es\/web\/wp-json\/wp\/v2\/posts\/7446"}],"collection":[{"href":"https:\/\/mediocudeyo.es\/web\/wp-json\/wp\/v2\/posts"}],"about":[{"href":"https:\/\/mediocudeyo.es\/web\/wp-json\/wp\/v2\/types\/post"}],"author":[{"embeddable":true,"href":"https:\/\/mediocudeyo.es\/web\/wp-json\/wp\/v2\/users\/4"}],"replies":[{"embeddable":true,"href":"https:\/\/mediocudeyo.es\/web\/wp-json\/wp\/v2\/comments?post=7446"}],"version-history":[{"count":0,"href":"https:\/\/mediocudeyo.es\/web\/wp-json\/wp\/v2\/posts\/7446\/revisions"}],"wp:attachment":[{"href":"https:\/\/mediocudeyo.es\/web\/wp-json\/wp\/v2\/media?parent=7446"}],"wp:term":[{"taxonomy":"category","embeddable":true,"href":"https:\/\/mediocudeyo.es\/web\/wp-json\/wp\/v2\/categories?post=7446"},{"taxonomy":"post_tag","embeddable":true,"href":"https:\/\/mediocudeyo.es\/web\/wp-json\/wp\/v2\/tags?post=7446"}],"curies":[{"name":"wp","href":"https:\/\/api.w.org\/{rel}","templated":true}]}}