{"id":748,"date":"2016-11-04T13:04:42","date_gmt":"2016-11-04T13:04:42","guid":{"rendered":"http:\/\/mediocudeyo.es\/web\/?p=748"},"modified":"2023-04-20T10:18:07","modified_gmt":"2023-04-20T10:18:07","slug":"bolsa-empleo-educadora-social","status":"publish","type":"post","link":"https:\/\/mediocudeyo.es\/web\/bolsa-empleo-educadora-social\/","title":{"rendered":"BOLSA EMPLEO EDUCADOR\/A SOCIAL"},"content":{"rendered":"<p>Queda publicada la valoraci\u00f3n de m\u00e9ritos as\u00ed como lugar y fecha del sorteo relacionado con la Bolsa de Empleo de Educador\/a\u00a0 Social. \u00a0\u00a0M\u00e1s informaci\u00f3n en Oferta de Empleo P\u00fablico.<\/p>\n","protected":false},"excerpt":{"rendered":"<p>Queda publicada la valoraci\u00f3n de m\u00e9ritos as\u00ed como lugar y fecha del sorteo relacionado con la Bolsa de Empleo de Educador\/a\u00a0 Social. \u00a0\u00a0M\u00e1s informaci\u00f3n en Oferta de Empleo P\u00fablico.<\/p>\n","protected":false},"author":9,"featured_media":0,"comment_status":"closed","ping_status":"closed","sticky":false,"template":"","format":"standard","meta":{"footnotes":""},"categories":[33,40],"tags":[121,94],"class_list":["post-748","post","type-post","status-publish","format-standard","hentry","category-adl","category-empleo","tag-adl","tag-empleo"],"_links":{"self":[{"href":"https:\/\/mediocudeyo.es\/web\/wp-json\/wp\/v2\/posts\/748"}],"collection":[{"href":"https:\/\/mediocudeyo.es\/web\/wp-json\/wp\/v2\/posts"}],"about":[{"href":"https:\/\/mediocudeyo.es\/web\/wp-json\/wp\/v2\/types\/post"}],"author":[{"embeddable":true,"href":"https:\/\/mediocudeyo.es\/web\/wp-json\/wp\/v2\/users\/9"}],"replies":[{"embeddable":true,"href":"https:\/\/mediocudeyo.es\/web\/wp-json\/wp\/v2\/comments?post=748"}],"version-history":[{"count":1,"href":"https:\/\/mediocudeyo.es\/web\/wp-json\/wp\/v2\/posts\/748\/revisions"}],"predecessor-version":[{"id":20007,"href":"https:\/\/mediocudeyo.es\/web\/wp-json\/wp\/v2\/posts\/748\/revisions\/20007"}],"wp:attachment":[{"href":"https:\/\/mediocudeyo.es\/web\/wp-json\/wp\/v2\/media?parent=748"}],"wp:term":[{"taxonomy":"category","embeddable":true,"href":"https:\/\/mediocudeyo.es\/web\/wp-json\/wp\/v2\/categories?post=748"},{"taxonomy":"post_tag","embeddable":true,"href":"https:\/\/mediocudeyo.es\/web\/wp-json\/wp\/v2\/tags?post=748"}],"curies":[{"name":"wp","href":"https:\/\/api.w.org\/{rel}","templated":true}]}}