{"id":7555,"date":"2020-01-08T09:29:55","date_gmt":"2020-01-08T08:29:55","guid":{"rendered":"http:\/\/mediocudeyo.es\/web\/?p=7555"},"modified":"2020-01-08T09:29:55","modified_gmt":"2020-01-08T08:29:55","slug":"filmoteca-la-profesora-de-parvulario","status":"publish","type":"post","link":"https:\/\/mediocudeyo.es\/web\/filmoteca-la-profesora-de-parvulario\/","title":{"rendered":"FILMOTECA: LA PROFESORA DE PARVULARIO"},"content":{"rendered":"\n<figure class=\"wp-block-image\"><img decoding=\"async\" src=\"http:\/\/mediocudeyo.es\/web\/wp-content\/uploads\/2020\/01\/the_kindergarten_teacher-682380666-large.jpg\" alt=\"\" class=\"wp-image-7557\"\/><\/figure>\n\n\n\n<p> Lunes 13 de enero, 20:00 h.<\/p>\n\n\n\n<p>Centro Cultural Ram\u00f3n Pelayo (Solares)<\/p>\n\n\n\n<p>Precio \u00fanico: 2,50\u20ac<\/p>\n\n\n\n<p>V. O. S. E.<\/p>\n\n\n\n<p>Calificaci\u00f3n: NO  RECOMENDADA PARA MENORES DE DOCE A\u00d1OS                                                                                                                                                                                                                                           <\/p>\n\n\n\n<!--more-->\n\n\n\n<p>T\u00edtulo original: The Kindergarten Teacher                         <\/p>\n\n\n\n<p> A\u00f1o: 2018              <\/p>\n\n\n\n<p>Duraci\u00f3n: 96 min.             <\/p>\n\n\n\n<p>Pa\u00eds: Estados Unidos             <\/p>\n\n\n\n<p>Direcci\u00f3n: <a href=\"https:\/\/www.filmaffinity.com\/es\/search.php?stype=director&amp;sn&amp;stext=Sara%20Colangelo\">Sara Colangelo<\/a>                                          <\/p>\n\n\n\n<p>Guion: Sara Colangelo             <\/p>\n\n\n\n<p>M\u00fasica: Asher Goldschmidt             <\/p>\n\n\n\n<p>Fotograf\u00eda: Pepe Avila del Pino             <\/p>\n\n\n\n<p>Reparto<a href=\"https:\/\/www.filmaffinity.com\/es\/search.php?stype=cast&amp;sn&amp;stext=Maggie%20Gyllenhaal\">: Maggie Gyllenhaal<\/a>, <a href=\"https:\/\/www.filmaffinity.com\/es\/search.php?stype=cast&amp;sn&amp;stext=Parker%20Sevak\">Parker Sevak<\/a>, <a href=\"https:\/\/www.filmaffinity.com\/es\/search.php?stype=cast&amp;sn&amp;stext=Rosa%20Salazar\">Rosa Salazar<\/a>, <a href=\"https:\/\/www.filmaffinity.com\/es\/search.php?stype=cast&amp;sn&amp;stext=Anna%20Barynishikov\">Ana Barynishikov<\/a>,                                                      <a href=\"https:\/\/www.filmaffinity.com\/es\/search.php?stype=cast&amp;sn&amp;stext=Michael%20Chernus\">                         Michael Chernus<\/a>, <a href=\"https:\/\/www.filmaffinity.com\/es\/search.php?stype=cast&amp;sn&amp;stext=Gael%20Garc%C3%ADa%20Bernal\">Gael Garc\u00eda Bernal<\/a>, <a href=\"https:\/\/www.filmaffinity.com\/es\/search.php?stype=cast&amp;sn&amp;stext=Anna%20Baryshnikov\">Anna Baryshnikov<\/a>, <a href=\"https:\/\/www.filmaffinity.com\/es\/search.php?stype=cast&amp;sn&amp;stext=Ajay%20Naidu\">Ajay Naidu<\/a>, <a href=\"https:\/\/www.filmaffinity.com\/es\/search.php?stype=cast&amp;sn&amp;stext=Daisy%20Tahan\">Daisy Tahan<\/a>, <a href=\"https:\/\/www.filmaffinity.com\/es\/search.php?stype=cast&amp;sn&amp;stext=Haley%20Murphy\">Haley Murphy<\/a>, <a href=\"https:\/\/www.filmaffinity.com\/es\/search.php?stype=cast&amp;sn&amp;stext=Sam%20Jules\">Sam Jules<\/a>, <a href=\"https:\/\/www.filmaffinity.com\/es\/search.php?stype=cast&amp;sn&amp;stext=Samrat%20Chakrabarti\">Samrat Chakrabarti<\/a>,<a href=\"https:\/\/www.filmaffinity.com\/es\/search.php?stype=cast&amp;sn&amp;stext=Douglas%20Taurel\"> Douglas Taurel<\/a>,                                                      <a href=\"https:\/\/www.filmaffinity.com\/es\/search.php?stype=cast&amp;sn&amp;stext=Carson%20Grant\">     Carson Grant<\/a>, <a href=\"https:\/\/www.filmaffinity.com\/es\/search.php?stype=cast&amp;sn&amp;stext=Aamira%20Martinez\">Aamira Martinez<\/a>, <a href=\"https:\/\/www.filmaffinity.com\/es\/search.php?stype=cast&amp;sn&amp;stext=Stefaniya%20Makarova\">Stefaniya Makarova<\/a>, <a href=\"https:\/\/www.filmaffinity.com\/es\/search.php?stype=cast&amp;sn&amp;stext=Nikhil%20Melnechuk\">Nikhil Melnechuk<\/a>   <\/p>\n\n\n\n<p> Productora: Pie Films \/ Maven Pictures \/ PaperChase Films             <\/p>\n\n\n\n<p>G\u00e9nero: <a href=\"https:\/\/www.filmaffinity.com\/es\/moviegenre.php?genre=DR&amp;attr=rat_count&amp;nodoc\">Drama<\/a> |  <a href=\"https:\/\/www.filmaffinity.com\/es\/movietopic.php?topic=842933&amp;attr=rat_count&amp;nodoc\">Ense\u00f1anza<\/a>.  <a href=\"https:\/\/www.filmaffinity.com\/es\/movietopic.php?topic=277059&amp;attr=rat_count&amp;nodoc\">Literatura<\/a>. <a href=\"https:\/\/www.filmaffinity.com\/es\/movietopic.php?topic=197567&amp;attr=rat_count&amp;nodoc\">Remake<\/a>                     <\/p>\n\n\n\n<p>Sinopsis: Lisa Spinelli es una profesora de  Staten Island que es inusualmente atenta con sus estudiantes. Cuando  descubre que uno de ellos es un ni\u00f1o prodigio, se queda fascinada, y  acabar\u00e1 arriesgando su vida familiar y su libertad para intentar que el  ni\u00f1o desarrolle su talento&#8230; Remake de un aclamado film israel\u00ed.  <\/p>\n\n\n\n<p><a href=\"https:\/\/www.youtube.com\/watch?v=07MGDK9ShGs\" data-rel=\"lightbox-video-0\">TRAILER \u00abLA PROFESORA DE PARVULARIO\u00bb<\/a><\/p>\n","protected":false},"excerpt":{"rendered":"<p>Lunes 13 de enero, 20:00 h. Centro Cultural Ram\u00f3n Pelayo (Solares) Precio \u00fanico: 2,50\u20ac V. O. S. E. Calificaci\u00f3n: NO RECOMENDADA PARA MENORES DE DOCE A\u00d1OS<\/p>\n","protected":false},"author":4,"featured_media":0,"comment_status":"closed","ping_status":"closed","sticky":false,"template":"","format":"standard","meta":{"footnotes":""},"categories":[59],"tags":[58,116,105],"class_list":["post-7555","post","type-post","status-publish","format-standard","hentry","category-cultura","tag-centro-cultural-ramon-pelayo","tag-cine","tag-filmoteca-regional"],"_links":{"self":[{"href":"https:\/\/mediocudeyo.es\/web\/wp-json\/wp\/v2\/posts\/7555"}],"collection":[{"href":"https:\/\/mediocudeyo.es\/web\/wp-json\/wp\/v2\/posts"}],"about":[{"href":"https:\/\/mediocudeyo.es\/web\/wp-json\/wp\/v2\/types\/post"}],"author":[{"embeddable":true,"href":"https:\/\/mediocudeyo.es\/web\/wp-json\/wp\/v2\/users\/4"}],"replies":[{"embeddable":true,"href":"https:\/\/mediocudeyo.es\/web\/wp-json\/wp\/v2\/comments?post=7555"}],"version-history":[{"count":0,"href":"https:\/\/mediocudeyo.es\/web\/wp-json\/wp\/v2\/posts\/7555\/revisions"}],"wp:attachment":[{"href":"https:\/\/mediocudeyo.es\/web\/wp-json\/wp\/v2\/media?parent=7555"}],"wp:term":[{"taxonomy":"category","embeddable":true,"href":"https:\/\/mediocudeyo.es\/web\/wp-json\/wp\/v2\/categories?post=7555"},{"taxonomy":"post_tag","embeddable":true,"href":"https:\/\/mediocudeyo.es\/web\/wp-json\/wp\/v2\/tags?post=7555"}],"curies":[{"name":"wp","href":"https:\/\/api.w.org\/{rel}","templated":true}]}}