{"id":7560,"date":"2020-01-11T10:36:58","date_gmt":"2020-01-11T09:36:58","guid":{"rendered":"http:\/\/mediocudeyo.es\/web\/?p=7560"},"modified":"2020-01-11T10:36:58","modified_gmt":"2020-01-11T09:36:58","slug":"animacion-a-la-lectura-5","status":"publish","type":"post","link":"https:\/\/mediocudeyo.es\/web\/animacion-a-la-lectura-5\/","title":{"rendered":"ANIMACI\u00d3N A LA LECTURA"},"content":{"rendered":"\n<p>El pr\u00f3ximo viernes 17 de enero se retomar\u00e1n los talleres de animaci\u00f3n a la lectura en el Centro Cultural Ram\u00f3n Pelayo. <\/p>\n\n\n\n<p>Los talleres se impartir\u00e1n todos los viernes de 17:00 a 18:00 h. para edades comprendidas entre 3 y 5 a\u00f1os y de 18:15 a 19:30 h. para los ni\u00f1os y ni\u00f1as de 6 a 12 a\u00f1os.<\/p>\n\n\n\n<p>Las inscripciones para estos talleres gratuitos se pueden realizar en el Centro Cultural Ram\u00f3n Pelayo, tanto de manera presencial, como por tel\u00e9fono en el 942.522.685.<\/p>\n\n\n\n<figure class=\"wp-block-image\"><img decoding=\"async\" src=\"http:\/\/mediocudeyo.es\/web\/wp-content\/uploads\/2020\/01\/Animaci\u00f3n-a-la-lectura.-Cartel-JPG-724x1024.jpg\" alt=\"cartel de animaci\u00f3n a la lectura\" class=\"wp-image-7561\"\/><\/figure>\n","protected":false},"excerpt":{"rendered":"<p>El pr\u00f3ximo viernes 17 de enero se retomar\u00e1n los talleres de animaci\u00f3n a la lectura en el Centro Cultural Ram\u00f3n Pelayo. Los talleres se impartir\u00e1n todos los viernes de 17:00 [&hellip;]<\/p>\n","protected":false},"author":4,"featured_media":0,"comment_status":"closed","ping_status":"closed","sticky":false,"template":"","format":"standard","meta":{"footnotes":""},"categories":[59,48],"tags":[178,238],"class_list":["post-7560","post","type-post","status-publish","format-standard","hentry","category-cultura","category-infantil","tag-animacion-a-la-lectura","tag-cultura"],"_links":{"self":[{"href":"https:\/\/mediocudeyo.es\/web\/wp-json\/wp\/v2\/posts\/7560"}],"collection":[{"href":"https:\/\/mediocudeyo.es\/web\/wp-json\/wp\/v2\/posts"}],"about":[{"href":"https:\/\/mediocudeyo.es\/web\/wp-json\/wp\/v2\/types\/post"}],"author":[{"embeddable":true,"href":"https:\/\/mediocudeyo.es\/web\/wp-json\/wp\/v2\/users\/4"}],"replies":[{"embeddable":true,"href":"https:\/\/mediocudeyo.es\/web\/wp-json\/wp\/v2\/comments?post=7560"}],"version-history":[{"count":0,"href":"https:\/\/mediocudeyo.es\/web\/wp-json\/wp\/v2\/posts\/7560\/revisions"}],"wp:attachment":[{"href":"https:\/\/mediocudeyo.es\/web\/wp-json\/wp\/v2\/media?parent=7560"}],"wp:term":[{"taxonomy":"category","embeddable":true,"href":"https:\/\/mediocudeyo.es\/web\/wp-json\/wp\/v2\/categories?post=7560"},{"taxonomy":"post_tag","embeddable":true,"href":"https:\/\/mediocudeyo.es\/web\/wp-json\/wp\/v2\/tags?post=7560"}],"curies":[{"name":"wp","href":"https:\/\/api.w.org\/{rel}","templated":true}]}}